{"id":3613,"date":"2016-09-19T18:51:24","date_gmt":"2016-09-19T18:51:24","guid":{"rendered":"http:\/\/primiciasclorinda.com\/?p=3613"},"modified":"2016-09-19T19:56:17","modified_gmt":"2016-09-19T19:56:17","slug":"gran-fiesta-por-el-dia-del-nino-en-el-barrio-25-de-mayo","status":"publish","type":"post","link":"https:\/\/primiciasclorinda.com\/?p=3613","title":{"rendered":"Gran fiesta por el D\u00eda del Ni\u00f1o en el barrio 25 de Mayo"},"content":{"rendered":"<figure id=\"attachment_3614\" aria-describedby=\"caption-attachment-3614\" style=\"width: 536px\" class=\"wp-caption alignnone\"><img loading=\"lazy\" decoding=\"async\" class=\"size-full wp-image-3614\" src=\"http:\/\/primiciasclorinda.com\/wp-content\/uploads\/2016\/09\/IMG-20160918-WA0024.jpg\" alt=\"Masiva convocatoria del evento. \" width=\"536\" height=\"356\" \/><figcaption id=\"caption-attachment-3614\" class=\"wp-caption-text\">Masiva convocatoria al evento.<\/figcaption><\/figure>\n<p style=\"text-align: justify;\">El evento se realiz\u00f3 en la tarde del s\u00e1bado en el play\u00f3n deportivo Virgen Mar\u00eda Auxiliadora del barrio 25 de Mayo y fue organizado por la dirigencia de la zona sur de la Jurisdiccional Clorinda del Partido Justicialista de nuestra ciudad. Estuvo presente el Intendente mandato cumplido Manuel Negretti, el Diputado provincial Juan Domingo Caballero, el Concejal doctor Nicol\u00e1s Cabral, y una importante cantidad de dirigentes y coordinadores del sector.<br \/>\n<!--more--><br \/>\nCerca de las 16 horas del s\u00e1bado una importante cantidad de ni\u00f1os acompa\u00f1ados de sus padres se llegaron hasta el play\u00f3n deportivo del barrio 25 de Mayo, donde participaron de un gran evento enmarcado en los festejos por el D\u00eda del Ni\u00f1o previsto por la agrupaci\u00f3n pol\u00edtica que lidera en Clorinda el actual Senador de la Naci\u00f3n Jos\u00e9 Mayans.<\/p>\n<p>La gran fiesta comenz\u00f3 con juegos, sorteos, se dio posteriormente la apertura a una rica merienda, que consisti\u00f3 en una gran chocolateada con galletitas. Mas adelante los chicos compartieron bailes, juegos, y posteriormente se procedi\u00f3 a la entrega de muy lindos juguetes tanto para ni\u00f1os como para ni\u00f1as.<\/p>\n<p><strong>Los \u00fanicos privilegiados<\/strong><\/p>\n<p>En un breve contacto con la prensa, Manuel Negretti, Intendente mandato cumplido, y coordinador general del sector sur de la ciudad, dijo estar muy conforme con la realizaci\u00f3n de este evento que tuvo varias veces que ser suspendido por distintas razones, y que en definitiva era esto \u201chacerle el merecido reconocimiento a los ni\u00f1os\u201d.<\/p>\n<p>Negretti se mostr\u00f3 muy contento con la participaci\u00f3n de dirigentes y coordinadores del sector, y en este sentido dijo que sin la ayuda de ellos no se podr\u00eda realizar eventos de este tipo. A la hora de los agradecimientos, quien fuera dos veces Intendente de Clorinda, hizo puntual menci\u00f3n al Gobernador de la Provincia Gildo Insfr\u00e1n por el constante aporte que realiza para la ni\u00f1ez de toda la geograf\u00eda provincial.<\/p>\n","protected":false},"excerpt":{"rendered":"<div class=\"mh-excerpt\"><p>El evento se realiz\u00f3 en la tarde del s\u00e1bado en el play\u00f3n deportivo Virgen Mar\u00eda Auxiliadora del barrio 25 de Mayo y fue organizado por <a class=\"mh-excerpt-more\" href=\"https:\/\/primiciasclorinda.com\/?p=3613\" title=\"Gran fiesta por el D\u00eda del Ni\u00f1o en el barrio 25 de Mayo\">[&#8230;]<\/a><\/p>\n<\/div>","protected":false},"author":3,"featured_media":0,"comment_status":"open","ping_status":"open","sticky":false,"template":"","format":"standard","meta":{"footnotes":""},"categories":[4],"tags":[550,26],"class_list":["post-3613","post","type-post","status-publish","format-standard","hentry","category-informacion-general","tag-barrio-25-de-mayo","tag-clorinda"],"_links":{"self":[{"href":"https:\/\/primiciasclorinda.com\/index.php?rest_route=\/wp\/v2\/posts\/3613","targetHints":{"allow":["GET"]}}],"collection":[{"href":"https:\/\/primiciasclorinda.com\/index.php?rest_route=\/wp\/v2\/posts"}],"about":[{"href":"https:\/\/primiciasclorinda.com\/index.php?rest_route=\/wp\/v2\/types\/post"}],"author":[{"embeddable":true,"href":"https:\/\/primiciasclorinda.com\/index.php?rest_route=\/wp\/v2\/users\/3"}],"replies":[{"embeddable":true,"href":"https:\/\/primiciasclorinda.com\/index.php?rest_route=%2Fwp%2Fv2%2Fcomments&post=3613"}],"version-history":[{"count":2,"href":"https:\/\/primiciasclorinda.com\/index.php?rest_route=\/wp\/v2\/posts\/3613\/revisions"}],"predecessor-version":[{"id":3616,"href":"https:\/\/primiciasclorinda.com\/index.php?rest_route=\/wp\/v2\/posts\/3613\/revisions\/3616"}],"wp:attachment":[{"href":"https:\/\/primiciasclorinda.com\/index.php?rest_route=%2Fwp%2Fv2%2Fmedia&parent=3613"}],"wp:term":[{"taxonomy":"category","embeddable":true,"href":"https:\/\/primiciasclorinda.com\/index.php?rest_route=%2Fwp%2Fv2%2Fcategories&post=3613"},{"taxonomy":"post_tag","embeddable":true,"href":"https:\/\/primiciasclorinda.com\/index.php?rest_route=%2Fwp%2Fv2%2Ftags&post=3613"}],"curies":[{"name":"wp","href":"https:\/\/api.w.org\/{rel}","templated":true}]}}