{"id":35997,"date":"2025-05-27T09:03:54","date_gmt":"2025-05-27T12:03:54","guid":{"rendered":"http:\/\/primiciasclorinda.com\/?p=35997"},"modified":"2025-05-27T09:03:54","modified_gmt":"2025-05-27T12:03:54","slug":"se-van-conociendo-los-candidatos-a-concejales-de-la-ciudad-de-clorinda-para-las-elecciones-legislativas-del-29-de-junio","status":"publish","type":"post","link":"https:\/\/primiciasclorinda.com\/?p=35997","title":{"rendered":"Se van conociendo los candidatos a Concejales de la ciudad de Clorinda para las elecciones legislativas del 29 de Junio."},"content":{"rendered":"<h4 style=\"text-align: justify;\">Luego del cierre de listas el pasado Domingo (25) donde quedaron definidas por parte de los distintos partidos pol\u00edticos las categor\u00edas que disputar\u00e1n en las elecciones del 29 de Junio, en este caaso se van conmociendo los candidatos a Concejales de la ciudad de Clorinda.<\/h4>\n<h4 style=\"text-align: justify;\"><img loading=\"lazy\" decoding=\"async\" class=\" wp-image-35998 alignleft\" src=\"http:\/\/primiciasclorinda.com\/wp-content\/uploads\/2025\/05\/concejal-2-450x300.jpg\" alt=\"\" width=\"350\" height=\"233\" srcset=\"https:\/\/primiciasclorinda.com\/wp-content\/uploads\/2025\/05\/concejal-2.jpg 450w, https:\/\/primiciasclorinda.com\/wp-content\/uploads\/2025\/05\/concejal-2-300x200.jpg 300w\" sizes=\"auto, (max-width: 350px) 100vw, 350px\" \/>Por el lado del oficialismo local, los candidatos fueron anunciados lunes en la sede de la agrupaci\u00f3n justicialista Hombre Nuevo Formose\u00f1o y el encargado de hacerlo fue el propio Caniza.<br \/>\nLos candidatos por el HNF son: Titulares: Fernando Lagra\u00f1a, Patricia Dom\u00ednguez, Oscar Virgona y Elsa Mazacotte \u2013 Los suplentes: Fabian V\u00e1zquez \u201cTata\u201d, Nadia Jara y Milc\u00edades Peralta.<\/h4>\n<p>&nbsp;<\/p>\n<p>&nbsp;<\/p>\n<h4 style=\"text-align: justify;\"><img loading=\"lazy\" decoding=\"async\" class=\"wp-image-35999 alignright\" src=\"http:\/\/primiciasclorinda.com\/wp-content\/uploads\/2025\/05\/concejal_679093958341648_4117088691973462697_n-450x300.jpg\" alt=\"\" width=\"329\" height=\"219\" srcset=\"https:\/\/primiciasclorinda.com\/wp-content\/uploads\/2025\/05\/concejal_679093958341648_4117088691973462697_n.jpg 450w, https:\/\/primiciasclorinda.com\/wp-content\/uploads\/2025\/05\/concejal_679093958341648_4117088691973462697_n-300x200.jpg 300w\" sizes=\"auto, (max-width: 329px) 100vw, 329px\" \/>Por su parte la Agrupaci\u00f3n que lidera Marta Mendoza tambi\u00e9n anunci\u00f3 quienes ser\u00e1n sus candidatos en lista propia. Por lo tanto los candidatos a Concejales del espacio pol\u00edtico Unidad y Compromiso Peronista son: Marta Mendoza, candidata a concejal titular en primer lugar, Juan Gabriel Peralta, Melanie Frutos, Gonzalo y los suplentes son; Evangelina Olivera, Pascual Sosa y Paulina V\u00e1zquez.<\/h4>\n<p>&nbsp;<\/p>\n<h4 style=\"text-align: justify;\"><img loading=\"lazy\" decoding=\"async\" class=\" wp-image-36000 alignleft\" src=\"http:\/\/primiciasclorinda.com\/wp-content\/uploads\/2025\/05\/concejal_20250521004001-450x300.jpg\" alt=\"\" width=\"282\" height=\"188\" srcset=\"https:\/\/primiciasclorinda.com\/wp-content\/uploads\/2025\/05\/concejal_20250521004001.jpg 450w, https:\/\/primiciasclorinda.com\/wp-content\/uploads\/2025\/05\/concejal_20250521004001-300x200.jpg 300w\" sizes=\"auto, (max-width: 282px) 100vw, 282px\" \/>El radicalismo clorindense tambi\u00e9n dio a conocer, al menos una lista de candidatos a ocupar una banca en el Concejo Deliberante local, ellos son; Orlando Costadoni, Gladys Aldana Ibarrola, Romualdo Gimenez y Cinthia Andrea Flores como titulares y para cubrir los cargos para suplentes figuran; Jorge Antonio Miranda, Ana Gisel Olivera y Victror Efrain Miranda.<\/h4>\n<p>&nbsp;<\/p>\n<h4 style=\"text-align: justify;\"><img loading=\"lazy\" decoding=\"async\" class=\" wp-image-36001 alignright\" src=\"http:\/\/primiciasclorinda.com\/wp-content\/uploads\/2025\/05\/concejal_20250307002127-450x300.jpg\" alt=\"\" width=\"332\" height=\"221\" srcset=\"https:\/\/primiciasclorinda.com\/wp-content\/uploads\/2025\/05\/concejal_20250307002127.jpg 450w, https:\/\/primiciasclorinda.com\/wp-content\/uploads\/2025\/05\/concejal_20250307002127-300x200.jpg 300w\" sizes=\"auto, (max-width: 332px) 100vw, 332px\" \/>\u00a0 \u00a0 \u00a0Tambi\u00e9n el Frente de la Victoria anunci\u00f3 sus candidatos para este 29 de Junio en la categor\u00eda de Concejales de la ciudad de Clorinda, ellos son; Arturo Lisando Cabral, Laura Noem\u00ed Franco, Sergio Andr\u00e9s Norgeot y Romina Elizabeth Zorrilla, como suplentes est\u00e1n Pedro Benito Franco, Paula Elena Barrios y M\u00e1ximo Teodoro Ort\u00edz.<\/h4>\n<h4 style=\"text-align: justify;\">\u00a0 \u00a0 Seguramente con el transcurrir de los d\u00edas los partidos anunciar\u00e1n los lemas y sublemas que participar\u00e1n en las elecciones del pr\u00f3ximo 29 de Junio.<\/h4>\n","protected":false},"excerpt":{"rendered":"<div class=\"mh-excerpt\"><p>Luego del cierre de listas el pasado Domingo (25) donde quedaron definidas por parte de los distintos partidos pol\u00edticos las categor\u00edas que disputar\u00e1n en las <a class=\"mh-excerpt-more\" href=\"https:\/\/primiciasclorinda.com\/?p=35997\" title=\"Se van conociendo los candidatos a Concejales de la ciudad de Clorinda para las elecciones legislativas del 29 de Junio.\">[&#8230;]<\/a><\/p>\n<\/div>","protected":false},"author":3,"featured_media":36002,"comment_status":"open","ping_status":"open","sticky":false,"template":"","format":"standard","meta":{"footnotes":""},"categories":[3],"tags":[1785,4453,4670],"class_list":["post-35997","post","type-post","status-publish","format-standard","has-post-thumbnail","hentry","category-politica-economia","tag-concejales","tag-elecciones-legislativas","tag-listas"],"_links":{"self":[{"href":"https:\/\/primiciasclorinda.com\/index.php?rest_route=\/wp\/v2\/posts\/35997","targetHints":{"allow":["GET"]}}],"collection":[{"href":"https:\/\/primiciasclorinda.com\/index.php?rest_route=\/wp\/v2\/posts"}],"about":[{"href":"https:\/\/primiciasclorinda.com\/index.php?rest_route=\/wp\/v2\/types\/post"}],"author":[{"embeddable":true,"href":"https:\/\/primiciasclorinda.com\/index.php?rest_route=\/wp\/v2\/users\/3"}],"replies":[{"embeddable":true,"href":"https:\/\/primiciasclorinda.com\/index.php?rest_route=%2Fwp%2Fv2%2Fcomments&post=35997"}],"version-history":[{"count":1,"href":"https:\/\/primiciasclorinda.com\/index.php?rest_route=\/wp\/v2\/posts\/35997\/revisions"}],"predecessor-version":[{"id":36003,"href":"https:\/\/primiciasclorinda.com\/index.php?rest_route=\/wp\/v2\/posts\/35997\/revisions\/36003"}],"wp:featuredmedia":[{"embeddable":true,"href":"https:\/\/primiciasclorinda.com\/index.php?rest_route=\/wp\/v2\/media\/36002"}],"wp:attachment":[{"href":"https:\/\/primiciasclorinda.com\/index.php?rest_route=%2Fwp%2Fv2%2Fmedia&parent=35997"}],"wp:term":[{"taxonomy":"category","embeddable":true,"href":"https:\/\/primiciasclorinda.com\/index.php?rest_route=%2Fwp%2Fv2%2Fcategories&post=35997"},{"taxonomy":"post_tag","embeddable":true,"href":"https:\/\/primiciasclorinda.com\/index.php?rest_route=%2Fwp%2Fv2%2Ftags&post=35997"}],"curies":[{"name":"wp","href":"https:\/\/api.w.org\/{rel}","templated":true}]}}