{"id":35973,"date":"2025-05-25T09:48:23","date_gmt":"2025-05-25T12:48:23","guid":{"rendered":"http:\/\/primiciasclorinda.com\/?p=35973"},"modified":"2025-05-25T09:48:23","modified_gmt":"2025-05-25T12:48:23","slug":"delante-de-javier-milei-el-arzobispo-garcia-cuerva-cuestiono-la-difamacion-constante-en-las-redes-sociales","status":"publish","type":"post","link":"https:\/\/primiciasclorinda.com\/?p=35973","title":{"rendered":"Delante de Javier Milei, el arzobispo Garc\u00eda Cuerva cuestion\u00f3 \u201cla difamaci\u00f3n constante en las redes sociales\u201d"},"content":{"rendered":"<p style=\"text-align: justify;\">(LANACION.COM) Fue durante el tradicional Tedeum en la Catedral por el 25 de Mayo; minutos antes del discurso, el Presidente les neg\u00f3 el saludo a Jorge Macri y a Victoria Villarruel.<\/p>\n<p style=\"text-align: justify;\">urante el tradicional Tedeum por el 25 de Mayo, El arzobispo de Buenos Aires, Jorge Garc\u00eda Cuerva, dio un fuerte mensaje de unidad y pidi\u00f3 dejar de la lado el odio. Espec\u00edficamente, delante del presidente Javier Milei, cuestion\u00f3 \u201cla difamaci\u00f3n constante en las redes sociales\u201d.<\/p>\n<p style=\"text-align: justify;\">Minutos antes, el primer mandatario les hab\u00eda negado el saludo al jefe de Gobierno porte\u00f1o, Jorge Macri, y a la vicepresidenta Victoria Villarruel.<\/p>\n<p style=\"text-align: justify;\">El Presidente realiz\u00f3 la tradicional caminata de poco m\u00e1s de 300 metros desde la Casa Rosada hasta la Catedral acompa\u00f1ado de su hermana Karina, los ministros que conforman su Gabinete y algunos de los principales colaboradores del Gobierno. Villarruel -que fue invitada por el Arzobispado porte\u00f1o e ir\u00e1 en representaci\u00f3n del Poder Legislativo- fue directo hacia all\u00ed, sin el grupo.<\/p>\n<p style=\"text-align: justify;\">La celebraci\u00f3n religiosa, que ser\u00e1 la primera desde la muerte del papa Francisco, comenz\u00f3 apenas antes de las 9 de la ma\u00f1ana. El Presidente ingres\u00f3 a la Catedral Metropolitana y fue recibido en persona por el arzobispo de Buenos Aires, Jos\u00e9 Garc\u00eda Cuerva. Tras saludar a varias personas, el jefe de Estado protagoniz\u00f3 un inc\u00f3modo momento al ignorar el apret\u00f3n de manos que le ofreci\u00f3 el jefe de Gobierno porte\u00f1o, Jorge Macri, y tampoco cruz\u00f3 palabra con su vice.<\/p>\n<p style=\"text-align: justify;\">oco despu\u00e9s de las 8 de la ma\u00f1ana, Macri particip\u00f3 del izamiento de la bandera que conmemora el 215\u00b0 aniversario acompa\u00f1ado de su Gabinete y de su esposa, la periodista Mar\u00eda Bel\u00e9n Ludue\u00f1a. Tras el breve acto, ambos ingresaron en la Catedral para asistir al Tedeum.<\/p>\n<p style=\"text-align: justify;\">El festejo de este a\u00f1o estar\u00e1 particularmente marcado por el fallecimiento de Jorge Bergoglio, el primer sumo pont\u00edfice argentino y ex arzobispo de Buenos Aires. Por eso hay grandes expectativas sobre el mensaje que dar\u00e1 el arzobispo Garc\u00eda Cuerva, que suele brindar una mirada sobre el rumbo del pa\u00eds. Durante el \u00faltimo Tedeum dedic\u00f3 parte de su tradicional oraci\u00f3n a pedir por los pobres y los m\u00e1s desprotegidos: \u201cEn el contexto actual, y con mucha humildad, quisiera pedir a todos que sintamos tambi\u00e9n hoy sobre nosotros la mirada fuerte de Jes\u00fas que nos interpela, que nos cuestiona, que nos alerta sobre nuestra insensibilidad con los m\u00e1s desprotegidos, que nos reclama mayor compromiso y cercan\u00eda con los que sufren\u201d.<\/p>\n<p style=\"text-align: justify;\">El a\u00f1o pasado, el Presidente y su vicepresidenta hicieron las cuadras que separan Balcarce 30 de la Catedral Metropolitana agarrados del brazo. Este a\u00f1o no se repiti\u00f3 la foto de ambas figuras, ya que el \u201cdesgaste\u201d en el v\u00ednculo es un hecho reconocido p\u00fablicamente por ambas partes. Durante el festejo de 2024, el Gabinete se hizo presente en la Catedral Metropolitana y luego parti\u00f3 con destino a la provincia de C\u00f3rdoba, en donde el Presidente habl\u00f3 en el Cabildo, anunci\u00f3 la creaci\u00f3n del Consejo de Mayo y reivindic\u00f3 su gesti\u00f3n econ\u00f3mica. Este a\u00f1o el viaje no se repetir\u00e1 y solo se limitar\u00e1n a la asistencia a la sede porte\u00f1a.<\/p>\n<p style=\"text-align: justify;\">El quiebre en la relaci\u00f3n<br \/>\nLa relaci\u00f3n entre Milei y Villarruel est\u00e1 completamente rota desde el a\u00f1o pasado, lo que se profundiz\u00f3 a lo largo de los meses, en los que tambi\u00e9n esas diferencias fueron cada vez m\u00e1s p\u00fablicas y notorias. La fractura se extendi\u00f3 a otros funcionarios del Gobierno, quienes tambi\u00e9n tomaron distancia de la vicepresidenta.<\/p>\n<p style=\"text-align: justify;\">La \u00faltima vez que qued\u00f3 en evidencia la ruptura fue en abril pasado, cuando la vice no fue invitada al acto por los 43 a\u00f1os de la guerra de las islas Malvinas, una de las causas por las que Villarruel m\u00e1s milita. Para esa fecha, la funcionaria acept\u00f3 una invitaci\u00f3n de Tierra del Fuego y evit\u00f3 estar en Buenos Aires para la conmemoraci\u00f3n en Plaza San Mart\u00edn. Desde el sur, se diferenci\u00f3 de Milei, que hab\u00eda dado se\u00f1ales de distenci\u00f3n con Gran Breta\u00f1a y los kelpers en lo relativo al hist\u00f3rico reclamo de soberan\u00eda.<\/p>\n<p style=\"text-align: justify;\">La \u00faltima vez que se vieron personalmente el Presidente y su vice fue el 1 de marzo, en la apertura del a\u00f1o legislativo. All\u00ed hubo un saludo al ingreso de Milei, pero la transmisi\u00f3n oficial no mostr\u00f3 el momento.<\/p>\n","protected":false},"excerpt":{"rendered":"<div class=\"mh-excerpt\"><p>(LANACION.COM) Fue durante el tradicional Tedeum en la Catedral por el 25 de Mayo; minutos antes del discurso, el Presidente les neg\u00f3 el saludo a <a class=\"mh-excerpt-more\" href=\"https:\/\/primiciasclorinda.com\/?p=35973\" title=\"Delante de Javier Milei, el arzobispo Garc\u00eda Cuerva cuestion\u00f3 \u201cla difamaci\u00f3n constante en las redes sociales\u201d\">[&#8230;]<\/a><\/p>\n<\/div>","protected":false},"author":3,"featured_media":35974,"comment_status":"open","ping_status":"open","sticky":false,"template":"","format":"standard","meta":{"footnotes":""},"categories":[4],"tags":[4142,4665,4423],"class_list":["post-35973","post","type-post","status-publish","format-standard","has-post-thumbnail","hentry","category-informacion-general","tag-milei","tag-tedeum-25-de-mayo","tag-villarruel"],"_links":{"self":[{"href":"https:\/\/primiciasclorinda.com\/index.php?rest_route=\/wp\/v2\/posts\/35973","targetHints":{"allow":["GET"]}}],"collection":[{"href":"https:\/\/primiciasclorinda.com\/index.php?rest_route=\/wp\/v2\/posts"}],"about":[{"href":"https:\/\/primiciasclorinda.com\/index.php?rest_route=\/wp\/v2\/types\/post"}],"author":[{"embeddable":true,"href":"https:\/\/primiciasclorinda.com\/index.php?rest_route=\/wp\/v2\/users\/3"}],"replies":[{"embeddable":true,"href":"https:\/\/primiciasclorinda.com\/index.php?rest_route=%2Fwp%2Fv2%2Fcomments&post=35973"}],"version-history":[{"count":1,"href":"https:\/\/primiciasclorinda.com\/index.php?rest_route=\/wp\/v2\/posts\/35973\/revisions"}],"predecessor-version":[{"id":35975,"href":"https:\/\/primiciasclorinda.com\/index.php?rest_route=\/wp\/v2\/posts\/35973\/revisions\/35975"}],"wp:featuredmedia":[{"embeddable":true,"href":"https:\/\/primiciasclorinda.com\/index.php?rest_route=\/wp\/v2\/media\/35974"}],"wp:attachment":[{"href":"https:\/\/primiciasclorinda.com\/index.php?rest_route=%2Fwp%2Fv2%2Fmedia&parent=35973"}],"wp:term":[{"taxonomy":"category","embeddable":true,"href":"https:\/\/primiciasclorinda.com\/index.php?rest_route=%2Fwp%2Fv2%2Fcategories&post=35973"},{"taxonomy":"post_tag","embeddable":true,"href":"https:\/\/primiciasclorinda.com\/index.php?rest_route=%2Fwp%2Fv2%2Ftags&post=35973"}],"curies":[{"name":"wp","href":"https:\/\/api.w.org\/{rel}","templated":true}]}}