{"id":35851,"date":"2025-05-20T08:29:27","date_gmt":"2025-05-20T11:29:27","guid":{"rendered":"http:\/\/primiciasclorinda.com\/?p=35851"},"modified":"2025-05-20T08:30:23","modified_gmt":"2025-05-20T11:30:23","slug":"este-sabado-24-gildo-insfran-encabezara-el-congreso-del-partido-justicialista-de-formosa","status":"publish","type":"post","link":"https:\/\/primiciasclorinda.com\/?p=35851","title":{"rendered":"Este S\u00e1bado (24), Gildo Insfran encabezar\u00e1 el Congreso del Partido Justicialista de Formosa"},"content":{"rendered":"<p style=\"text-align: justify;\">El PJ de Formosa celebrar\u00e1 una sesi\u00f3n extraordinaria este s\u00e1bado 24 de mayo en el Estadio Centenario. Encabezado por Gildo Insfr\u00e1n, el Congreso tratar\u00e1 alianzas electorales, proclamaci\u00f3n de candidaturas, aprobaci\u00f3n de balances y otros temas de cara a las elecciones provinciales del 29 de junio.<\/p>\n<p style=\"text-align: justify;\">La Mesa Directiva Provincial del Partido Justicialista (PJ) Distrito Formosa convoc\u00f3 a una sesi\u00f3n extraordinaria del Congreso Provincial del espacio para este s\u00e1bado 24 de mayo a las 10 horas en el Estadio Centenario de la ciudad capitalina, que estar\u00e1 encabezada por su Presidente, Gildo Insfr\u00e1n.<\/p>\n<p style=\"text-align: justify;\">El objetivo es tratar puntos que tienen que ver con la ratificaci\u00f3n de las alianzas electorales con otras agrupaciones pol\u00edticas, ratificaci\u00f3n de la plataforma electoral y declaraci\u00f3n de principios del Partido y la ratificaci\u00f3n y aprobaci\u00f3n de la Resoluci\u00f3n N\u00b0001\/25 del Presidente del espacio. Adem\u00e1s, se prev\u00e9 la aprobaci\u00f3n de los balances 2023 y 2024 y la autorizaci\u00f3n a la Mesa Ejecutiva y\/o al Presidente a suscribir alianzas electorales en el orden nacional, entre otras cuestiones.<\/p>\n<p style=\"text-align: justify;\">Tambi\u00e9n, durante la jornada, se facultar\u00e1 a los apoderados del Partido a realizar los tr\u00e1mites correspondientes para la efectiva participaci\u00f3n en las elecciones nacionales y provinciales; y se proclamar\u00e1 la f\u00f3rmula de candidatos a convencionales constituyentes y diputados provinciales, entre otros temas de diversa \u00edndole.<\/p>\n<p style=\"text-align: justify;\">Al respecto, el apoderado del Partido Justicialista Formosa, Armando Felipe Cabrera, explic\u00f3 que este temario propuesto por el Presidente son cuestiones formales que \u00abhacen al funcionamiento del Partido, balances y otras alianzas electorales, temas necesarios para ir a elecciones, porque la herramienta es el Partido como instrumento para las cuestiones electorales\u201d. \u201cEst\u00e1 como orden del d\u00eda la designaci\u00f3n de los diputados constituyentes y los diputados provinciales que vencen mandato para renovaci\u00f3n en las c\u00e1maras\u201d, agreg\u00f3.<\/p>\n<p style=\"text-align: justify;\">Este encuentro se realiza de cara a las elecciones provinciales del pr\u00f3ximo 29 de junio donde se eligen 30 convencionales constituyentes, 15 diputados provinciales y concejales en cada localidad.<\/p>\n<p style=\"text-align: justify;\">Fuente: Agenfor<\/p>\n","protected":false},"excerpt":{"rendered":"<div class=\"mh-excerpt\"><p>El PJ de Formosa celebrar\u00e1 una sesi\u00f3n extraordinaria este s\u00e1bado 24 de mayo en el Estadio Centenario. Encabezado por Gildo Insfr\u00e1n, el Congreso tratar\u00e1 alianzas <a class=\"mh-excerpt-more\" href=\"https:\/\/primiciasclorinda.com\/?p=35851\" title=\"Este S\u00e1bado (24), Gildo Insfran encabezar\u00e1 el Congreso del Partido Justicialista de Formosa\">[&#8230;]<\/a><\/p>\n<\/div>","protected":false},"author":3,"featured_media":35852,"comment_status":"open","ping_status":"open","sticky":false,"template":"","format":"standard","meta":{"footnotes":""},"categories":[3],"tags":[4627,4625,4628,373],"class_list":["post-35851","post","type-post","status-publish","format-standard","has-post-thumbnail","hentry","category-politica-economia","tag-alianzas-electorales","tag-congreso-pj","tag-proclamacion-candidaturas","tag-provincia-de-formosa"],"_links":{"self":[{"href":"https:\/\/primiciasclorinda.com\/index.php?rest_route=\/wp\/v2\/posts\/35851","targetHints":{"allow":["GET"]}}],"collection":[{"href":"https:\/\/primiciasclorinda.com\/index.php?rest_route=\/wp\/v2\/posts"}],"about":[{"href":"https:\/\/primiciasclorinda.com\/index.php?rest_route=\/wp\/v2\/types\/post"}],"author":[{"embeddable":true,"href":"https:\/\/primiciasclorinda.com\/index.php?rest_route=\/wp\/v2\/users\/3"}],"replies":[{"embeddable":true,"href":"https:\/\/primiciasclorinda.com\/index.php?rest_route=%2Fwp%2Fv2%2Fcomments&post=35851"}],"version-history":[{"count":1,"href":"https:\/\/primiciasclorinda.com\/index.php?rest_route=\/wp\/v2\/posts\/35851\/revisions"}],"predecessor-version":[{"id":35853,"href":"https:\/\/primiciasclorinda.com\/index.php?rest_route=\/wp\/v2\/posts\/35851\/revisions\/35853"}],"wp:featuredmedia":[{"embeddable":true,"href":"https:\/\/primiciasclorinda.com\/index.php?rest_route=\/wp\/v2\/media\/35852"}],"wp:attachment":[{"href":"https:\/\/primiciasclorinda.com\/index.php?rest_route=%2Fwp%2Fv2%2Fmedia&parent=35851"}],"wp:term":[{"taxonomy":"category","embeddable":true,"href":"https:\/\/primiciasclorinda.com\/index.php?rest_route=%2Fwp%2Fv2%2Fcategories&post=35851"},{"taxonomy":"post_tag","embeddable":true,"href":"https:\/\/primiciasclorinda.com\/index.php?rest_route=%2Fwp%2Fv2%2Ftags&post=35851"}],"curies":[{"name":"wp","href":"https:\/\/api.w.org\/{rel}","templated":true}]}}