{"id":35779,"date":"2025-05-15T08:38:45","date_gmt":"2025-05-15T11:38:45","guid":{"rendered":"http:\/\/primiciasclorinda.com\/?p=35779"},"modified":"2025-05-15T08:38:45","modified_gmt":"2025-05-15T11:38:45","slug":"caniza-acompano-al-gobernador-insfran-en-el-acto-de-colacion-de-estudiantes-de-la-uplab","status":"publish","type":"post","link":"https:\/\/primiciasclorinda.com\/?p=35779","title":{"rendered":"Caniza acompa\u00f1\u00f3 al Gobernador Insfran en el acto de colaci\u00f3n de estudiantes de la UPLAB"},"content":{"rendered":"<p style=\"text-align: justify;\">Este mi\u00e9rcoles por la tarde en la ciudad de Laguna Blanca se estuvo llevando a cabo el acto de colaci\u00f3n de alumnos de la UPLaB de Licenciaturas En Turismo Y Ciencias Ambientales; e Ingenier\u00eda En Producci\u00f3n Agropecuaria, el Gobernador de la provincia de Formosa, el Dr. Gildo Insfr\u00e1n fue quien encabez\u00f3 este acto y estuvo acompa\u00f1ado por autoridades de diferentes localidades entre los que se encontraba el Intendente de nuestra ciudad, Ariel Caniza.<\/p>\n<p style=\"text-align: justify;\">El primer mandatario provincial en sus palabras expres\u00f3, que el acto llevado a cabo este mi\u00e9rcoles 14, en la novel instituci\u00f3n universitaria con sede en la localidad de Laguna Blanca, quedar\u00e1 \u201cen la memoria de todos los formose\u00f1os\u201d.<\/p>\n<p style=\"text-align: justify;\">Finalizada la ceremonia, diferentes intendentes entre los que podemos mencionar a Ricardo Lemos de Laguna Blanca, Julio Murdoch de Laguna Naineck y el Intendente Ariel Caniza por Clorinda, compartieron una foto con el primer mandatario provincial, a quien claramente expresan su total apoyo para lo que se viene.<\/p>\n<p>Fuente: Clorindaaldia.com<\/p>\n","protected":false},"excerpt":{"rendered":"<div class=\"mh-excerpt\"><p>Este mi\u00e9rcoles por la tarde en la ciudad de Laguna Blanca se estuvo llevando a cabo el acto de colaci\u00f3n de alumnos de la UPLaB <a class=\"mh-excerpt-more\" href=\"https:\/\/primiciasclorinda.com\/?p=35779\" title=\"Caniza acompa\u00f1\u00f3 al Gobernador Insfran en el acto de colaci\u00f3n de estudiantes de la UPLAB\">[&#8230;]<\/a><\/p>\n<\/div>","protected":false},"author":3,"featured_media":35781,"comment_status":"open","ping_status":"open","sticky":false,"template":"","format":"standard","meta":{"footnotes":""},"categories":[4],"tags":[4601,4060],"class_list":["post-35779","post","type-post","status-publish","format-standard","has-post-thumbnail","hentry","category-informacion-general","tag-acto-colacion","tag-universidad-provincial-de-laguna-blanca"],"_links":{"self":[{"href":"https:\/\/primiciasclorinda.com\/index.php?rest_route=\/wp\/v2\/posts\/35779","targetHints":{"allow":["GET"]}}],"collection":[{"href":"https:\/\/primiciasclorinda.com\/index.php?rest_route=\/wp\/v2\/posts"}],"about":[{"href":"https:\/\/primiciasclorinda.com\/index.php?rest_route=\/wp\/v2\/types\/post"}],"author":[{"embeddable":true,"href":"https:\/\/primiciasclorinda.com\/index.php?rest_route=\/wp\/v2\/users\/3"}],"replies":[{"embeddable":true,"href":"https:\/\/primiciasclorinda.com\/index.php?rest_route=%2Fwp%2Fv2%2Fcomments&post=35779"}],"version-history":[{"count":2,"href":"https:\/\/primiciasclorinda.com\/index.php?rest_route=\/wp\/v2\/posts\/35779\/revisions"}],"predecessor-version":[{"id":35782,"href":"https:\/\/primiciasclorinda.com\/index.php?rest_route=\/wp\/v2\/posts\/35779\/revisions\/35782"}],"wp:featuredmedia":[{"embeddable":true,"href":"https:\/\/primiciasclorinda.com\/index.php?rest_route=\/wp\/v2\/media\/35781"}],"wp:attachment":[{"href":"https:\/\/primiciasclorinda.com\/index.php?rest_route=%2Fwp%2Fv2%2Fmedia&parent=35779"}],"wp:term":[{"taxonomy":"category","embeddable":true,"href":"https:\/\/primiciasclorinda.com\/index.php?rest_route=%2Fwp%2Fv2%2Fcategories&post=35779"},{"taxonomy":"post_tag","embeddable":true,"href":"https:\/\/primiciasclorinda.com\/index.php?rest_route=%2Fwp%2Fv2%2Ftags&post=35779"}],"curies":[{"name":"wp","href":"https:\/\/api.w.org\/{rel}","templated":true}]}}