{"id":35737,"date":"2025-05-12T09:15:32","date_gmt":"2025-05-12T12:15:32","guid":{"rendered":"http:\/\/primiciasclorinda.com\/?p=35737"},"modified":"2025-05-12T09:15:32","modified_gmt":"2025-05-12T12:15:32","slug":"ganadores-y-perdedores-del-domingo-electoral-el-gobierno-celebro-dos-victorias-el-pj-tuvo-un-fuerte-retroceso-y-la-izquierda-se-diluyo","status":"publish","type":"post","link":"https:\/\/primiciasclorinda.com\/?p=35737","title":{"rendered":"Ganadores y perdedores del domingo electoral: el Gobierno celebr\u00f3 dos victorias, el PJ tuvo un fuerte retroceso y la izquierda se diluy\u00f3"},"content":{"rendered":"<p style=\"text-align: justify;\">La Casa Rosada festej\u00f3 por los resultados en Chaco y las capitales de Salta y Jujuy. Ganaron los cuatro gobernadores aliados de La Libertad Avanza y el peronismo, alineado con Cristina Kirchner, acumul\u00f3 derrotas. El PRO de Macri no figur\u00f3.<\/p>\n<p style=\"text-align: justify;\">El s\u00edntoma que expuso anoche el clima de festejos en el Gobierno por los resultados del domingo electoral lo dio Javier Milei. \u201cViva La Libertad, Carajo\u201d, lanz\u00f3 desde las redes sociales con la foto de Emilia Orozco, una de las caras del batacazo de La Libertad Avanza en la capital de Salta. No fue una excepci\u00f3n: los libertarios ganaron tambi\u00e9n en San Salvador de Jujuy y, en alianza con el gobernador Leandro Zdero, en la provincia de Chaco.<\/p>\n<p style=\"text-align: justify;\">Fue una jornada en la que la Casa Rosada no arriesgaba nada, pero cosech\u00f3 \u00e9xitos electorales propios y de aliados. Fueron cuatro provincias con gobernadores que sintonizan con el oficialismo. Zdero, el salte\u00f1o Gustavo S\u00e1enz, el juje\u00f1o Carlos Sadir (UCR) y Claudio Poggi revalidaron sus gestiones en las urnas.<\/p>\n<p style=\"text-align: justify;\">El peronismo, sobre todo en su variante kirchnerista, sufri\u00f3 una jornada demoledora: perdi\u00f3 en Chaco con su candidato m\u00e1s competitivo, como tambi\u00e9n en San Luis, donde los candidatos del cristinista Alberto Rodr\u00edguez Sa\u00e1 cayeron ante el oficialismo, mientras que en Salta y Jujuy pelearon el tercer y cuarto lugar con la izquierda.<\/p>\n<p style=\"text-align: justify;\">En ninguna de las cuatro provincias los candidatos izquierdistas lograron dar una sorpresa y consolidaron su posici\u00f3n de minor\u00edas. En Jujuy, que llegaron a tener a Alejandro Vilca con m\u00e1s del 25% de los votos, esta vez se quedaron en un porcentaje menor a las dos cifras. Igual que el caso del PRO de Mauricio Macri, que no logr\u00f3 superar la irrelevancia electoral.<\/p>\n<p style=\"text-align: justify;\">El dato saliente del s\u00faper domingo electoral fue el batacazo de Salta, donde el gobernador S\u00e1enz se impuso en toda la provincia, pero perdi\u00f3 en el \u00fanico enclave donde la militancia libertaria que responde al influyente asesor Santiago Caputo hizo campa\u00f1a. Daniel \u201cEl Gordo Dan\u201d Parisini, el diputado Agust\u00edn Romo, I\u00f1aki Guti\u00e9rrez y Mariano P\u00e9rez fueron a apuntalar a Orozco, una candidata que ten\u00eda chances ciertas de ganar.<\/p>\n<p style=\"text-align: justify;\">M\u00e1s previsible, en Chaco se dio el segundo \u00e9xito libertario, de la mano del gobernador radical Zdero. Fue una estrategia contrapuesta de armar una coalici\u00f3n ganadora, que ejecutaron Karina Milei y Eduardo \u201cLule\u201d Menem. La \u201cmarca\u201d de La Libertad Avanza estuvo pegada a Chaco Puede M\u00e1s y derrot\u00f3 al ex mandatario Jorge Milton Capitanich, que con la escuder\u00eda Chaco Merece M\u00e1s acumul\u00f3 su segunda derrota al hilo.<\/p>\n<p style=\"text-align: justify;\">En el caso de San Salvador de Jujuy, La Libertad Avanza celebr\u00f3 por una buena performance de las m\u00faltiples listas que present\u00f3 el oficialismo de Jujuy Crece, que conduce Carlos Sadir, un radical que sucedi\u00f3 al caudillo Gerardo Morales, pero empez\u00f3 a actuar con autonom\u00eda. \u201cTuvimos un muy buen resultado y metimos varios concejales. Es el camino: presentar candidatos donde se puede ganar y acordar donde hay sinton\u00eda en las ideas y el rumbo del pa\u00eds\u201d, explicaron anoche en Casa Rosada.<\/p>\n<p style=\"text-align: justify;\">Con el caso de Salta, de la buena performance en la capital juje\u00f1a y la victoria del candidato Juan Pedro Aleart en Rosario, La Libertad Avanza confirma la consolidaci\u00f3n en los centros urbanos del interior del pa\u00eds.<\/p>\n<p style=\"text-align: justify;\">\u201cEstos resultados demuestran que hay que darse una estrategia acorde en cada distrito\u201d, explicaron otras fuentes oficialistas. Es que hay en el seno de La Libertad Avanza matices entre lo que proponen -con aval de Karina Milei- Mart\u00edn y Lule Menem, con la estrategia que sugiere Caputo.<\/p>\n<p style=\"text-align: justify;\">Para hacer un balance sobre los resultados, Infobae convoc\u00f3 a los analistas pol\u00edticos Federico Aurelio (Aresco), Facundo Nejamkis (Opina Argentina) y Gustavo C\u00f3rdoba (Zuban C\u00f3rdoba).<\/p>\n<p style=\"text-align: justify;\">Ganadores<br \/>\nPara Federico Aurelio, los principales triunfadores fueron \u201clos oficialismos provinciales que, cuando deciden desdoblar las elecciones, permitieron claramente que la gente diferencie lo que est\u00e1 pensando en lo nacional respecto a lo provincial\u201d.<\/p>\n<p style=\"text-align: justify;\">\u201cConfirman los resultados del domingo un buen humor con la gesti\u00f3n del local, independientemente de su origen o composici\u00f3n\u201d, afirm\u00f3.<\/p>\n<p style=\"text-align: justify;\">\u201cEl \u00fanico espacio pol\u00edtico nacional que consigui\u00f3 tener una buena presencia en las elecciones fue La Libertad Avanza, porque es parte del triunfo de Chaco, qued\u00f3 en el segundo lugar en Jujuy y tuvo un batacazo en Salta y tambi\u00e9n qued\u00f3 segundo a nivel provincial\u201d, asegur\u00f3 el titular de la consultora Aresco.<\/p>\n<p style=\"text-align: justify;\">Seg\u00fan Aurelio, \u201ces importante mencionar al radicalismo, que es un espacio pol\u00edtico que a nivel nacional hoy est\u00e1 golpeado, con dificultad para tener proyecci\u00f3n nacional, sin embargo, en las provincias donde gestiona le est\u00e1 yendo bien\u201d.<\/p>\n<p style=\"text-align: justify;\">\u201cEl gobernador actual de Jujuy fue continuador de un gobierno anterior que tambi\u00e9n era radical, como era Gerardo Morales. Y Zdero, que hoy es quien gobierna Chaco y acaba de revalidar su acompa\u00f1amiento en esta elecci\u00f3n de medio t\u00e9rmino, tambi\u00e9n lo es\u201d, consider\u00f3.<\/p>\n<p style=\"text-align: justify;\">Facundo Nejamkis coincidi\u00f3 en que los ganadores fueron \u201clos oficialismos provinciales, confirmando el buen olfato que tuvieron los gobernadores al separar las elecciones locales de las nacionales\u201d.<\/p>\n<p style=\"text-align: justify;\">\u201cEvidentemente, para los dirigentes es eficiente hacer esto, porque aun en provincias donde Milei tiene una muy alta imagen, lograron tener buenos resultados\u201d, explic\u00f3.<\/p>\n<p style=\"text-align: justify;\">\u201cGan\u00f3 el oficialismo en Salta, gan\u00f3 Jujuy, gan\u00f3 en Chaco, gan\u00f3 en. En San Luis\u201d, asegur\u00f3, pero resalt\u00f3 que \u201cLa Libertad Avanza tiene luces y sombras, porque empez\u00f3 a tener una existencia en provincia donde no ten\u00eda nada, ni hab\u00eda siquiera marcado los m\u00ednimos admisibles y ahora va a tener participaci\u00f3n en las legislaturas locales\u201d.<\/p>\n<p style=\"text-align: justify;\">\u201cEn Salta va a tener nueve diputados y va a tener un senador, pero por ahora no logra en las elecciones provinciales plasmar lo que seguramente ser\u00eda la performance de Milei en una competencia nacional\u201d, manifest\u00f3 Nejamkis.<\/p>\n<p style=\"text-align: justify;\">Para Gustavo C\u00f3rdoba, \u201cel gran ganador fue la gobernabilidad provincial en las elecciones locales donde lo nacional no tiene absolutamente nada que ver. No estaba en juego el Gobierno nacional, ni est\u00e1bamos votando presidente ni nada nacional\u201d.<\/p>\n<p style=\"text-align: justify;\">\u201cLo que pasa en las provincias queda en las provincias\u201d, consider\u00f3 el analista de Zuban C\u00f3rdoba y Asociados, al tiempo que despeg\u00f3 a La Libertad Avanza de los triunfadores. \u00abEn Chaco tambi\u00e9n es interesante que surgi\u00f3 una renovaci\u00f3n en el peronismo con intendentes que desafiaron a Capitanich\u00bb, consider\u00f3.<\/p>\n<p style=\"text-align: justify;\">Perdedores<br \/>\nPara Facundo Nejamkis, entre los perdedores habr\u00eda que ubicar \u201cal peronismo, pero sobre todo en su vertiente kirchnerista, que pierde en el Chaco y termina con una mala performance en Jujuy, un distrito que estuvo intervenido\u201d.<\/p>\n<p style=\"text-align: justify;\">\u201cEl panorama argentino en las provincias se va armando como sistemas pol\u00edticos locales cada vez m\u00e1s desenganchados de lo nacional. En Salta hay un espacio pol\u00edtico liderado por Gustavo S\u00e1enz, que tiene origen peronista, pero el PJ que tiene potencia a nivel nacional, no llega ni al registro m\u00ednimo de 7 u 8 puntos\u201d, dijo.<\/p>\n<p style=\"text-align: justify;\">\u201cPara que te vaya bien en determinadas provincias, te ten\u00e9s que ir del peronismo\u201d, consider\u00f3. Tambi\u00e9n destac\u00f3 que la izquierda se consolid\u00f3 como \u201crepresentante pol\u00edtica de minor\u00eda\u201d, mientras que \u201cel PRO que lidera Mauricio Macri ni figur\u00f3\u201d.<\/p>\n<p style=\"text-align: justify;\">Para Federico Aurelio, \u201cel kirchnerismo es un perdedor, porque no ha hecho ninguna buena elecci\u00f3n\u201d. \u201cEl peronismo en su conjunto, y m\u00e1s cuando fue separado, como por ejemplo en Salta, hizo una muy mala elecci\u00f3n\u201d.<\/p>\n<p style=\"text-align: justify;\">\u201cEsto ratifica lo que hemos venido hablando, que el kirchnerismo que lider\u00f3 al peronismo en los \u00faltimos a\u00f1os durante las gestiones de N\u00e9stor y Cristina ha ido perdiendo relevancia, desde lo territorial y tambi\u00e9n ideol\u00f3gicamente\u201d, resalt\u00f3.<\/p>\n<p style=\"text-align: justify;\">El director de Aresco record\u00f3 que \u201chubo una \u00e9poca en que tres de cada cuatro de los que se consideraban peronistas dec\u00edan que eran kirchneristas, pero hoy no llegan ni a la mitad. Esto se ve sobre todo en el interior\u201d.<\/p>\n<p style=\"text-align: justify;\">\u201cEn el interior predomina m\u00e1s el peronismo federal y as\u00ed qued\u00f3 confirmado en estas provincias del interior donde hoy se vot\u00f3. Excepto Capitanich, que s\u00ed tiene una vinculaci\u00f3n importante con Cristina y que si bien sali\u00f3 segundo, tampoco es un desastre\u201d, afirm\u00f3.<\/p>\n<p style=\"text-align: justify;\">Seg\u00fan Federico Aurelio, Capitanich \u201csali\u00f3 segundo porque hubo una alianza de La Libertad Avanza con el oficialismo provincial y, en segundo lugar, porque hace varias elecciones que no consigue la unidad del peronismo\u201d.<\/p>\n<p style=\"text-align: justify;\">\u201cLa izquierda, en la \u00fanica provincia donde uno pod\u00eda pensar que ten\u00eda alguna perspectiva, que era Jujuy, porque ah\u00ed fue como candidato su dirigente tradicional, que es Alejandro Vilca, \u201dhizo una buena elecci\u00f3n respecto a lo que tiene la izquierda a nivel nacional, pero mala respecto a lo que la izquierda tuvo en otras elecciones all\u00ed, y en el resto de las provincias no existi\u00f3\u201c, manifest\u00f3 el analista.<\/p>\n<p style=\"text-align: justify;\">Finalmente, resalt\u00f3 que \u201cel PRO tampoco estuvo presente, y fue un actor pol\u00edtico sin ninguna relevancia, porque de los espacios pol\u00edticos nacionales, el \u00fanico que tuvo alg\u00fan nivel de relevancia fue Libertad Avanza\u201d.<\/p>\n<p style=\"text-align: justify;\">Por \u00faltimo, para Gustavo C\u00f3rdoba, \u201cel gran perdedor fue el sistema pol\u00edtico\u201d, que profundiz\u00f3 un \u201cnivel de abstenci\u00f3n electoral muy importante en las provincias\u201d que se registr\u00f3 en 2023. \u201cHab\u00eda un votante frustrado que no estaba contenido en t\u00e9rminos econ\u00f3micos y que, despu\u00e9s, termin\u00f3 votando a Milei\u201d.<\/p>\n<p style=\"text-align: justify;\">\u00abEstamos viendo un mismo fen\u00f3meno, con la diferencia de que en el 2023 el presidente era Alberto Fern\u00e1ndez y hoy es Javier Milei. Si comparamos con todas las elecciones provinciales de cada provincia, desde el 83 hasta ac\u00e1, esta ha sido la que tuvo el piso electoral de participaci\u00f3n m\u00e1s bajo\u00bb, afirm\u00f3.<\/p>\n","protected":false},"excerpt":{"rendered":"<div class=\"mh-excerpt\"><p>La Casa Rosada festej\u00f3 por los resultados en Chaco y las capitales de Salta y Jujuy. Ganaron los cuatro gobernadores aliados de La Libertad Avanza <a class=\"mh-excerpt-more\" href=\"https:\/\/primiciasclorinda.com\/?p=35737\" title=\"Ganadores y perdedores del domingo electoral: el Gobierno celebr\u00f3 dos victorias, el PJ tuvo un fuerte retroceso y la izquierda se diluy\u00f3\">[&#8230;]<\/a><\/p>\n<\/div>","protected":false},"author":3,"featured_media":35738,"comment_status":"open","ping_status":"open","sticky":false,"template":"","format":"standard","meta":{"footnotes":""},"categories":[3],"tags":[128,4469,2356,44,3962],"class_list":["post-35737","post","type-post","status-publish","format-standard","has-post-thumbnail","hentry","category-politica-economia","tag-chaco","tag-elecciones-legislativas-2025","tag-jujuy","tag-salta","tag-san-luis"],"_links":{"self":[{"href":"https:\/\/primiciasclorinda.com\/index.php?rest_route=\/wp\/v2\/posts\/35737","targetHints":{"allow":["GET"]}}],"collection":[{"href":"https:\/\/primiciasclorinda.com\/index.php?rest_route=\/wp\/v2\/posts"}],"about":[{"href":"https:\/\/primiciasclorinda.com\/index.php?rest_route=\/wp\/v2\/types\/post"}],"author":[{"embeddable":true,"href":"https:\/\/primiciasclorinda.com\/index.php?rest_route=\/wp\/v2\/users\/3"}],"replies":[{"embeddable":true,"href":"https:\/\/primiciasclorinda.com\/index.php?rest_route=%2Fwp%2Fv2%2Fcomments&post=35737"}],"version-history":[{"count":1,"href":"https:\/\/primiciasclorinda.com\/index.php?rest_route=\/wp\/v2\/posts\/35737\/revisions"}],"predecessor-version":[{"id":35739,"href":"https:\/\/primiciasclorinda.com\/index.php?rest_route=\/wp\/v2\/posts\/35737\/revisions\/35739"}],"wp:featuredmedia":[{"embeddable":true,"href":"https:\/\/primiciasclorinda.com\/index.php?rest_route=\/wp\/v2\/media\/35738"}],"wp:attachment":[{"href":"https:\/\/primiciasclorinda.com\/index.php?rest_route=%2Fwp%2Fv2%2Fmedia&parent=35737"}],"wp:term":[{"taxonomy":"category","embeddable":true,"href":"https:\/\/primiciasclorinda.com\/index.php?rest_route=%2Fwp%2Fv2%2Fcategories&post=35737"},{"taxonomy":"post_tag","embeddable":true,"href":"https:\/\/primiciasclorinda.com\/index.php?rest_route=%2Fwp%2Fv2%2Ftags&post=35737"}],"curies":[{"name":"wp","href":"https:\/\/api.w.org\/{rel}","templated":true}]}}