{"id":35685,"date":"2025-05-07T09:39:22","date_gmt":"2025-05-07T12:39:22","guid":{"rendered":"http:\/\/primiciasclorinda.com\/?p=35685"},"modified":"2025-05-07T09:39:22","modified_gmt":"2025-05-07T12:39:22","slug":"formula-1-se-confirmo-que-colapinto-sera-piloto-titular-de-alpine","status":"publish","type":"post","link":"https:\/\/primiciasclorinda.com\/?p=35685","title":{"rendered":"F\u00f3rmula 1 Se confirm\u00f3 que Colapinto ser\u00e1 piloto titular de Alpine."},"content":{"rendered":"<p style=\"text-align: justify;\">Se termin\u00f3 la espera: Franco Colapinto volver\u00e1 a la F\u00f3rmula 1 como piloto titular de Alpine en la butaca que qued\u00f3 vac\u00eda tras la salida de Jack Doohan. Tras las 12 carreras que afront\u00f3 en la temporada pasada con Williams, el piloto argentino est\u00e1 confirmado como corredor principal para los pr\u00f3ximos cinco Grandes Premios.<\/p>\n<p style=\"text-align: justify;\">\u201c\u00a1Vamos Franco! Franco Colapinto dar\u00e1 el salto a piloto de carreras para las pr\u00f3ximas cinco carreras\u201c, inform\u00f3 la cuenta oficial del equipo con ra\u00edces francesas. El sudamericano de 21 a\u00f1os se unir\u00e1 formalmente al calendario 2025 el fin de semana del 18 de mayo que albergar\u00e1 la 7\u00aa fecha con el Gran Premio italiano de Emilia Romagna. Hasta el momento, Alpine suma siete puntos gracias a los rendimientos de Pierre Gasly en Bar\u00e9in (s\u00e9ptimo en la carrera principal) y Miami (octavo en la Sprint).<\/p>\n<p style=\"text-align: justify;\">El estreno se desarrollar\u00e1 el pr\u00f3ximo viernes 16 de mayo desde las 8.30 de la ma\u00f1ana (hora Argentina) con la pr\u00e1ctica libre 1 y la puesta a punto para \u00e9l ser\u00e1 ese mismo d\u00eda en la FP2 a partir de las 12 del mediod\u00eda.<\/p>\n<p style=\"text-align: justify;\">Si bien el s\u00e1bado 17 afrontar\u00e1 un tercer entrenamiento (a las 7.30), la hora de la verdad llegar\u00e1 a las 11 de la ma\u00f1ana cuando salga a pista para realizar su primera clasificaci\u00f3n al mando de A525. El domingo 18 de mayo, desde las 10 de la ma\u00f1ana de Argentina, competir\u00e1 en la carrera principal a 63 vueltas en el m\u00edtico trazado de Imola.<\/p>\n<p style=\"text-align: justify;\">Franco corri\u00f3 hasta el momento 12 veces de manera oficial en la F\u00f3rmula 1, cosechando 5 puntos con un Williams. Se estren\u00f3 con un 12\u00b0 lugar en Monza, qued\u00f3 8\u00b0 en Bak\u00fa, fue 11\u00b0 en Singapur, 10\u00b0 en Texas, 12\u00b0 en M\u00e9xico y 14\u00b0 en Las Vegas, consumando abandonos en Interlagos, Qatar y Abu Dhabi tomando como par\u00e1metro las carreras principales. Pero adem\u00e1s particip\u00f3 en tres Sprint: 12\u00b0 en Estados Unidos, 12\u00b0 en San Pablo y 18\u00b0 en Qatar.<\/p>\n<p style=\"text-align: justify;\">Adem\u00e1s de Imola est\u00e1 confirmado su presencia en M\u00f3naco (25\/5), Espa\u00f1a (1\/06), Canad\u00e1 (15\/06) y Austria (29\/06). De esos circuitos, hay solo uno que no conoce: el Gilles Villeneuve en la Isla de Notre Dame, Canad\u00e1. Luego hay otros en los que nunca corri\u00f3 en F1, pero sabe todos sus secretos, como el propio ubicado en Imola y Catalu\u00f1a. Tambi\u00e9n disput\u00f3 en categor\u00edas menores en M\u00f3naco, el Red Bull Ring (Austria), donde venci\u00f3 con la F\u00f3rmula Regional en 2021.<\/p>\n<p style=\"text-align: justify;\">Imola le trae buenos recuerdos ya que all\u00ed gan\u00f3 en las categor\u00edas promocionales como la F\u00f3rmula 3 en 2023 y en la F\u00f3rmula 2, en 2024, en un triunfo clave para su posterior ascenso como titular en Williams el 1 de septiembre pasado, tambi\u00e9n en Italia, pero en Monza. El sobrepaso a Paul Aron en la chicana de Tamburello que le vali\u00f3 su triunfo en la antesala a la M\u00e1xima, fue determinante para que el jefe de Williams, James Vowles, le diera la chance de reemplazar a Logan Sargeant, quien ven\u00eda complicado por sus malas actuaciones y roturas por accidentes.<\/p>\n<p style=\"text-align: justify;\">LA AGENDA DE LAS 5 CARRERAS DE FRANCO COLAPINTO EN LA F\u00d3RMULA 1<br \/>\n1- GP de Emilia-Romagna: domingo 18 de mayo a las 10.00<\/p>\n<p style=\"text-align: justify;\">2- GP de M\u00f3naco: domingo 25 de mayo a las 10.00<\/p>\n<p style=\"text-align: justify;\">3- GP de Espa\u00f1a: domingo 1 de junio a las 10.00<\/p>\n<p style=\"text-align: justify;\">4- GP de Canad\u00e1: domingo 15 de junio a las 15.00<\/p>\n<p style=\"text-align: justify;\">5- GP de Austria: domingo 29 de junio a las 10.00<\/p>\n<p style=\"text-align: justify;\">* Todos los horarios son de Argentina<\/p>\n<p style=\"text-align: justify;\">EL CALENDARIO COMPLETO DE LA F\u00d3RMULA 1 TRAS AUSTRIA<br \/>\n6- GP de Gran Breta\u00f1a: domingo 6 de julio a las 11.00<\/p>\n<p style=\"text-align: justify;\">7- Sprint del GP de B\u00e9lgica: s\u00e1bado 26 de julio a las 7.00<\/p>\n<p style=\"text-align: justify;\">8- GP de B\u00e9lgica: domingo 27 de julio 10.00<\/p>\n<p style=\"text-align: justify;\">9- GP de Hungr\u00eda: domingo 3 de agosto a las 10.00<\/p>\n<p style=\"text-align: justify;\">10- GP de Pa\u00edses Bajos: domingo 31 de agosto a las 10.00<\/p>\n<p style=\"text-align: justify;\">11- GP de Italia: domingo 7 de septiembre a las 10.00<\/p>\n<p style=\"text-align: justify;\">12- GP de Azerbaiy\u00e1n: domingo 21 de septiembre a las 8.00<\/p>\n<p style=\"text-align: justify;\">13- GP de Singapur: domingo 5 de octubre a las 9.00<\/p>\n<p style=\"text-align: justify;\">14- Sprint del GP de Estados Unidos: s\u00e1bado 18 de octubre a las 14.00<\/p>\n<p style=\"text-align: justify;\">15- GP de Estados Unidos: domingo 19 de octubre a las 16.00<\/p>\n<p style=\"text-align: justify;\">16- GP de M\u00e9xico: domingo 26 de octubre a las 17.00<\/p>\n<p style=\"text-align: justify;\">17- Sprint del GP de San Pablo: s\u00e1bado 8 de noviembre a las 11.00<\/p>\n<p style=\"text-align: justify;\">18- GP de San Pablo: domingo 9 de noviembre a las 14.00<\/p>\n<p style=\"text-align: justify;\">19- GP de Las Vegas: domingo 23 de noviembre a la 1.00<\/p>\n<p style=\"text-align: justify;\">20- Sprint del GP de Qatar: s\u00e1bado 29 de noviembre a las 11.00<\/p>\n<p style=\"text-align: justify;\">21- GP de Qatar: domingo 30 de noviembre a las 13.00<\/p>\n<p style=\"text-align: justify;\">22- GP de Abu Dhabi: domingo 7 de diciembre a las 10.00<\/p>\n<p style=\"text-align: justify;\">* Todos los horarios son de Argentina<\/p>\n","protected":false},"excerpt":{"rendered":"<div class=\"mh-excerpt\"><p>Se termin\u00f3 la espera: Franco Colapinto volver\u00e1 a la F\u00f3rmula 1 como piloto titular de Alpine en la butaca que qued\u00f3 vac\u00eda tras la salida <a class=\"mh-excerpt-more\" href=\"https:\/\/primiciasclorinda.com\/?p=35685\" title=\"F\u00f3rmula 1 Se confirm\u00f3 que Colapinto ser\u00e1 piloto titular de Alpine.\">[&#8230;]<\/a><\/p>\n<\/div>","protected":false},"author":3,"featured_media":35686,"comment_status":"open","ping_status":"open","sticky":false,"template":"","format":"standard","meta":{"footnotes":""},"categories":[5],"tags":[4383,4382,4564],"class_list":["post-35685","post","type-post","status-publish","format-standard","has-post-thumbnail","hentry","category-deportes","tag-colapinto","tag-formula-1","tag-imola"],"_links":{"self":[{"href":"https:\/\/primiciasclorinda.com\/index.php?rest_route=\/wp\/v2\/posts\/35685","targetHints":{"allow":["GET"]}}],"collection":[{"href":"https:\/\/primiciasclorinda.com\/index.php?rest_route=\/wp\/v2\/posts"}],"about":[{"href":"https:\/\/primiciasclorinda.com\/index.php?rest_route=\/wp\/v2\/types\/post"}],"author":[{"embeddable":true,"href":"https:\/\/primiciasclorinda.com\/index.php?rest_route=\/wp\/v2\/users\/3"}],"replies":[{"embeddable":true,"href":"https:\/\/primiciasclorinda.com\/index.php?rest_route=%2Fwp%2Fv2%2Fcomments&post=35685"}],"version-history":[{"count":1,"href":"https:\/\/primiciasclorinda.com\/index.php?rest_route=\/wp\/v2\/posts\/35685\/revisions"}],"predecessor-version":[{"id":35687,"href":"https:\/\/primiciasclorinda.com\/index.php?rest_route=\/wp\/v2\/posts\/35685\/revisions\/35687"}],"wp:featuredmedia":[{"embeddable":true,"href":"https:\/\/primiciasclorinda.com\/index.php?rest_route=\/wp\/v2\/media\/35686"}],"wp:attachment":[{"href":"https:\/\/primiciasclorinda.com\/index.php?rest_route=%2Fwp%2Fv2%2Fmedia&parent=35685"}],"wp:term":[{"taxonomy":"category","embeddable":true,"href":"https:\/\/primiciasclorinda.com\/index.php?rest_route=%2Fwp%2Fv2%2Fcategories&post=35685"},{"taxonomy":"post_tag","embeddable":true,"href":"https:\/\/primiciasclorinda.com\/index.php?rest_route=%2Fwp%2Fv2%2Ftags&post=35685"}],"curies":[{"name":"wp","href":"https:\/\/api.w.org\/{rel}","templated":true}]}}