{"id":35483,"date":"2025-04-24T07:58:42","date_gmt":"2025-04-24T10:58:42","guid":{"rendered":"http:\/\/primiciasclorinda.com\/?p=35483"},"modified":"2025-04-24T09:08:24","modified_gmt":"2025-04-24T12:08:24","slug":"clorinda-recuperan-bienes-robados-de-una-iglesia-hay-un-detenido","status":"publish","type":"post","link":"https:\/\/primiciasclorinda.com\/?p=35483","title":{"rendered":"CLORINDA, Recuperan bienes robados de una iglesia; hay un detenido"},"content":{"rendered":"<p style=\"text-align: justify;\">\u2022 Fue a trav\u00e9s de un trabajo articulado con distintas \u00e1reas de la Unidad Regional Tres y la participaci\u00f3n ciudadana<\/p>\n<p style=\"text-align: justify;\">Efectivos de la fuerza provincial detuvieron a un sujeto de 25 a\u00f1os y recuperaron una cocina, un bafle y otros elementos sustra\u00eddos de una iglesia del barrio Aca de Clorinda.<\/p>\n<p style=\"text-align: justify;\">\nEl martes \u00faltimo, el pastor de una iglesia del barrio Aca de la segunda ciudad, denunci\u00f3 que desconocidos violentaron la puerta del templo y le sustrajeron algunos elementos.<\/p>\n<p style=\"text-align: justify;\">\nLuego, gracias a la participaci\u00f3n ciudadana, individualizaron al presunto autor del il\u00edcito y fue detenido por efectivos de la Comisar\u00eda Oficial Subinspector Idelfonso Vera (COSIV).<\/p>\n<p style=\"text-align: justify;\">\nDespu\u00e9s, integrantes del Departamento Informaciones Policiales Delegaci\u00f3n Clorinda realizaron la investigaci\u00f3n, estableciendo que los bienes se encontraban en dos viviendas del sector.<\/p>\n<p style=\"text-align: justify;\">\nInmediatamente se trasladaron a las casas de los vecinos, qui\u00e9nes al conocer la procedencia il\u00edcita, entregaron un bafle, una cocina, una olla el\u00e9ctrica y otros bienes que fueron secuestrados.<\/p>\n<p style=\"text-align: justify;\">Detenido y secuestros fueron trasladados hasta la dependencia policial y fueron puestos a disposici\u00f3n de la justicia provincial<\/p>\n","protected":false},"excerpt":{"rendered":"<div class=\"mh-excerpt\"><p>\u2022 Fue a trav\u00e9s de un trabajo articulado con distintas \u00e1reas de la Unidad Regional Tres y la participaci\u00f3n ciudadana Efectivos de la fuerza provincial <a class=\"mh-excerpt-more\" href=\"https:\/\/primiciasclorinda.com\/?p=35483\" title=\"CLORINDA, Recuperan bienes robados de una iglesia; hay un detenido\">[&#8230;]<\/a><\/p>\n<\/div>","protected":false},"author":3,"featured_media":35484,"comment_status":"open","ping_status":"open","sticky":false,"template":"","format":"standard","meta":{"footnotes":""},"categories":[10],"tags":[4480,1743,4487],"class_list":["post-35483","post","type-post","status-publish","format-standard","has-post-thumbnail","hentry","category-policiales","tag-detenidos","tag-policiales","tag-robo-iglesia-clorinda"],"_links":{"self":[{"href":"https:\/\/primiciasclorinda.com\/index.php?rest_route=\/wp\/v2\/posts\/35483","targetHints":{"allow":["GET"]}}],"collection":[{"href":"https:\/\/primiciasclorinda.com\/index.php?rest_route=\/wp\/v2\/posts"}],"about":[{"href":"https:\/\/primiciasclorinda.com\/index.php?rest_route=\/wp\/v2\/types\/post"}],"author":[{"embeddable":true,"href":"https:\/\/primiciasclorinda.com\/index.php?rest_route=\/wp\/v2\/users\/3"}],"replies":[{"embeddable":true,"href":"https:\/\/primiciasclorinda.com\/index.php?rest_route=%2Fwp%2Fv2%2Fcomments&post=35483"}],"version-history":[{"count":1,"href":"https:\/\/primiciasclorinda.com\/index.php?rest_route=\/wp\/v2\/posts\/35483\/revisions"}],"predecessor-version":[{"id":35485,"href":"https:\/\/primiciasclorinda.com\/index.php?rest_route=\/wp\/v2\/posts\/35483\/revisions\/35485"}],"wp:featuredmedia":[{"embeddable":true,"href":"https:\/\/primiciasclorinda.com\/index.php?rest_route=\/wp\/v2\/media\/35484"}],"wp:attachment":[{"href":"https:\/\/primiciasclorinda.com\/index.php?rest_route=%2Fwp%2Fv2%2Fmedia&parent=35483"}],"wp:term":[{"taxonomy":"category","embeddable":true,"href":"https:\/\/primiciasclorinda.com\/index.php?rest_route=%2Fwp%2Fv2%2Fcategories&post=35483"},{"taxonomy":"post_tag","embeddable":true,"href":"https:\/\/primiciasclorinda.com\/index.php?rest_route=%2Fwp%2Fv2%2Ftags&post=35483"}],"curies":[{"name":"wp","href":"https:\/\/api.w.org\/{rel}","templated":true}]}}