{"id":35445,"date":"2025-04-22T09:15:39","date_gmt":"2025-04-22T12:15:39","guid":{"rendered":"http:\/\/primiciasclorinda.com\/?p=35445"},"modified":"2025-04-22T09:15:39","modified_gmt":"2025-04-22T12:15:39","slug":"diputados-y-el-efecto-francisco-posponen-una-semana-las-interpelaciones","status":"publish","type":"post","link":"https:\/\/primiciasclorinda.com\/?p=35445","title":{"rendered":"Diputados y el efecto Francisco; posponen una semana las interpelaciones"},"content":{"rendered":"<p style=\"text-align: justify;\">El oficialismo y la oposici\u00f3n lograron un acuerdo pol\u00edtico para postergar la agenda parlamentaria una semana m\u00e1s tras el fallecimiento del Papa Francisco.<\/p>\n<p style=\"text-align: justify;\">El papa Francisco logr\u00f3 lo que no podr\u00eda considerarse un milagro, pero tampoco es mucho menos: que todos los sectores de la C\u00e1mara baja se pusieran de acuerdo en cambiar la virulenta sesi\u00f3n que se preve\u00eda para este martes en el recinto de Diputados, por una sesi\u00f3n para homenajear al fallecido Santo Padre.<\/p>\n<p style=\"text-align: justify;\">As\u00ed las cosas, se termin\u00f3 resolviendo que para este martes a las 15 se realice una sesi\u00f3n especial para rendir homenaje al fallecido Jorge Bergoglio.<\/p>\n<p style=\"text-align: justify;\">La idea se la hab\u00eda acercado a modo de pedido, bien temprano, el diputado Eduardo Vald\u00e9s al presidente de la C\u00e1mara baja, Mart\u00edn Menem, quien lo hab\u00eda llamado para expresarle su p\u00e9same por la muerte de quien \u00e9l sab\u00eda que era muy cercano al legislador de Uni\u00f3n por la Patria. Entonces el legislador porte\u00f1o le pidi\u00f3 que se realizara una sesi\u00f3n especial este mismo martes, postergando las interpelaciones por el caso $Libra para la semana pr\u00f3xima.<\/p>\n<p style=\"text-align: justify;\">Desde que se conoci\u00f3 la noticia, se especul\u00f3 con la posibilidad de que la sesi\u00f3n para interpelar a funcionarios se terminara postergando. Aunque surg\u00edan dudas: si bien nada mejor para el oficialismo que postergar esta cita, estaba claro que ser\u00eda ideal que esa sesi\u00f3n se realizara en un momento en el que toda la atenci\u00f3n estar\u00e1 puesta en Roma. De ah\u00ed que para la oposici\u00f3n no fuera la mejor idea llevar adelante la sesi\u00f3n, pero s\u00ed para el Gobierno.<\/p>\n<p style=\"text-align: justify;\">Todo termin\u00f3 resolvi\u00e9ndose en el marco de una reuni\u00f3n de la que tomaron parte los 24 jefes de bloques con el presidente de la C\u00e1mara baja, Mart\u00edn Mene, en la que terminaron adhiriendo al duelo nacional dispuesto por el Poder Ejecutivo Nacional, con motivo del fallecimiento de su Santidad. Se resolvi\u00f3 tambi\u00e9n suspender y posponer por una semana la sesi\u00f3n convocada en el marco del art\u00edculo 71 de la Constituci\u00f3n a llevarse a cabo este martes, al igual que las reuniones de las comisiones que fueron resueltas por emplazamiento del Cuerpo.<\/p>\n<p style=\"text-align: justify;\">Tambi\u00e9n se resolvi\u00f3 posponer por una semana el resto de las reuniones de comisiones programadas, y citar en cambio a sesi\u00f3n especial en Homenaje al fallecimiento de su Santidad el papa Francisco para este martes 22 de abril a las 15.<\/p>\n<p style=\"text-align: justify;\">Asimismo, realizar una ceremonia interreligiosa en honor a su Santidad, en d\u00eda y horario a convenir.<\/p>\n<p style=\"text-align: justify;\">De tal manera se posterga no solo la interpelaci\u00f3n a Guillermo Francos, jefe de Gabinete; Luis Caputo, ministro de Econom\u00eda, y Mariano C\u00faneo Libarona, de Justica; y Roberto Silva, titular de la Comisi\u00f3n Nacional de Valores, sino tambi\u00e9n la reuni\u00f3n constitutiva de la comisi\u00f3n investigadora del caso $LIBRA, como as\u00ed tambi\u00e9n las restantes reuniones.<\/p>\n<p style=\"text-align: justify;\">El homenaje a Francisco<br \/>\nLa petici\u00f3n de la sesi\u00f3n homenaje fue encabezada, como dijimos, por Eduardo Vald\u00e9s, de hist\u00f3rica relaci\u00f3n con el fallecido Sumo Pont\u00edfice y exembajador en el Vaticano, quien manifest\u00f3 sobre Bergoglio: \u201cArgentino y vecino de la Ciudad de Buenos Aires, recordamos perfectamente el lugar y la hora cuando nos enteramos que Jorge Bergoglio hab\u00eda sido anunciado como nuevo Papa. Luego de 12 a\u00f1os de papado, de una vida basada en la solidaridad y la fraternidad y comprometida con la justicia social y la paz, lamentamos profundamente su partida\u201d.<\/p>\n<p style=\"text-align: justify;\">Con su firma, acompa\u00f1aron, tambi\u00e9n Victoria Tolosa Paz, Carolina Gaillard, Pablo Todero, Roxana Monz\u00f3n, Santiago Cafiero, Eugenia Alianiello, Sabrina Selva, M\u00f3nica Litza, Ricardo Herrera, Eduardo Toniolli, Nancy Sand, Jorge Romero, Lorena Pokoik y Daniel Goll\u00e1n.<\/p>\n<p style=\"text-align: justify;\">\u201cEl Papa so\u00f1aba con un mundo donde prime la fraternidad y el respeto por nuestras culturas, tradiciones y ciudadan\u00edas. Porque \u2018o somos hermanos, o nos destruimos\u2019\u201d, mencionaron en la petici\u00f3n de cita en el recinto que acompa\u00f1aron gran parte de los espacios que forman del bloque de Uni\u00f3n por la Patria<\/p>\n","protected":false},"excerpt":{"rendered":"<div class=\"mh-excerpt\"><p>El oficialismo y la oposici\u00f3n lograron un acuerdo pol\u00edtico para postergar la agenda parlamentaria una semana m\u00e1s tras el fallecimiento del Papa Francisco. El papa <a class=\"mh-excerpt-more\" href=\"https:\/\/primiciasclorinda.com\/?p=35445\" title=\"Diputados y el efecto Francisco; posponen una semana las interpelaciones\">[&#8230;]<\/a><\/p>\n<\/div>","protected":false},"author":3,"featured_media":35446,"comment_status":"open","ping_status":"open","sticky":false,"template":"","format":"standard","meta":{"footnotes":""},"categories":[3],"tags":[1069,4467],"class_list":["post-35445","post","type-post","status-publish","format-standard","has-post-thumbnail","hentry","category-politica-economia","tag-diputados","tag-interpelaciones"],"_links":{"self":[{"href":"https:\/\/primiciasclorinda.com\/index.php?rest_route=\/wp\/v2\/posts\/35445","targetHints":{"allow":["GET"]}}],"collection":[{"href":"https:\/\/primiciasclorinda.com\/index.php?rest_route=\/wp\/v2\/posts"}],"about":[{"href":"https:\/\/primiciasclorinda.com\/index.php?rest_route=\/wp\/v2\/types\/post"}],"author":[{"embeddable":true,"href":"https:\/\/primiciasclorinda.com\/index.php?rest_route=\/wp\/v2\/users\/3"}],"replies":[{"embeddable":true,"href":"https:\/\/primiciasclorinda.com\/index.php?rest_route=%2Fwp%2Fv2%2Fcomments&post=35445"}],"version-history":[{"count":1,"href":"https:\/\/primiciasclorinda.com\/index.php?rest_route=\/wp\/v2\/posts\/35445\/revisions"}],"predecessor-version":[{"id":35447,"href":"https:\/\/primiciasclorinda.com\/index.php?rest_route=\/wp\/v2\/posts\/35445\/revisions\/35447"}],"wp:featuredmedia":[{"embeddable":true,"href":"https:\/\/primiciasclorinda.com\/index.php?rest_route=\/wp\/v2\/media\/35446"}],"wp:attachment":[{"href":"https:\/\/primiciasclorinda.com\/index.php?rest_route=%2Fwp%2Fv2%2Fmedia&parent=35445"}],"wp:term":[{"taxonomy":"category","embeddable":true,"href":"https:\/\/primiciasclorinda.com\/index.php?rest_route=%2Fwp%2Fv2%2Fcategories&post=35445"},{"taxonomy":"post_tag","embeddable":true,"href":"https:\/\/primiciasclorinda.com\/index.php?rest_route=%2Fwp%2Fv2%2Ftags&post=35445"}],"curies":[{"name":"wp","href":"https:\/\/api.w.org\/{rel}","templated":true}]}}