{"id":35421,"date":"2025-04-21T08:34:15","date_gmt":"2025-04-21T11:34:15","guid":{"rendered":"http:\/\/primiciasclorinda.com\/?p=35421"},"modified":"2025-04-21T08:34:15","modified_gmt":"2025-04-21T11:34:15","slug":"exitosa-tercera-edicion-de-la-fiesta-del-pastelito-herradureno","status":"publish","type":"post","link":"https:\/\/primiciasclorinda.com\/?p=35421","title":{"rendered":"Exitosa tercera edici\u00f3n de la Fiesta del Pastelito Herradure\u00f1o"},"content":{"rendered":"<p style=\"text-align: justify;\">En la tarde del s\u00e1bado 19, en la Plaza Unidad Nacional tuvo lugar la III Fiesta del Pastelito Herradure\u00f1o 2025, donde se celebr\u00f3 la tradici\u00f3n gastron\u00f3mica de la regi\u00f3n y se premi\u00f3 el talento y el esfuerzo de emprendedores, cocineros, con show musical de artistas locales en el cierre.<\/p>\n<p style=\"text-align: justify;\">Al respecto, el subsecretario de Empleo, Rodrigo Sandoval, al dialogar con la Agencia de Noticias Formosa (AGENFOR), expres\u00f3: \u201cEstamos muy contentos con el trabajo que hacemos desde el Gobierno de Formosa, a trav\u00e9s de esta Subsecretar\u00eda junto al Municipio, con la gesti\u00f3n de Ernesto Heizenreder, y un equipo de j\u00f3venes que promocionan el turismo y el emprendedurismo\u201d.<\/p>\n<p style=\"text-align: justify;\">En este sentido, se\u00f1al\u00f3 que \u201ces nuestro gran trabajo en la provincia seguir trabajando todos los d\u00edas para promover esta cultura emprendedora, para que siga creciendo\u201d, aclarando que \u201ceso no solamente refiere a la formaci\u00f3n, asesoramiento, organizaci\u00f3n, reuniones peri\u00f3dicas, sino tambi\u00e9n tener un lugar comercializar\u201d.<\/p>\n<p style=\"text-align: justify;\">Y mencion\u00f3 el Mercado Comunitario de Emprendedores (MCE) de Herradura y \u201ceso representa la consecuencia de lo que trabajamos, es decir la oportunidad que tiene el emprendedor formose\u00f1o\u201d, al tiempo que destac\u00f3 tambi\u00e9n que \u201ccada vez tenemos m\u00e1s turistas en nuestra provincia\u201d.<\/p>\n<p style=\"text-align: justify;\">De esta manera, puso en valor \u201clo realizado dentro del Modelo Formose\u00f1o, entendiendo qu\u00e9 nos pide el gobernador Gildo Insfr\u00e1n\u201d, por eso, a\u00f1adi\u00f3 \u201cplanificamos, organizamos y es lo que se ve en cada evento\u201d.<\/p>\n<p style=\"text-align: justify;\">Por su parte, Santiago y Caterina, obtuvieron el primer premio de 300 mil pesos con su emprendimiento \u201cPastelitos herradure\u00f1os \u2013 Clorinda\u201d y expresaron estar muy felices.<\/p>\n<p style=\"text-align: justify;\">Comentaron que \u201chace pr\u00e1cticamente un a\u00f1o que nos mudamos a la ciudad de Clorinda, donde expandimos el pastelito herrradure\u00f1o\u201d, y a\u00f1adieron que \u201ceste a\u00f1o nos animamos a participar\u201d.<\/p>\n<p style=\"text-align: justify;\">Precisaron que su \u00e9xito fue un preparado con man\u00ed \u201cque gust\u00f3 mucho y llam\u00f3 la atenci\u00f3n\u201d, y detallaron que \u201cten\u00eda masa de hojaldre y relleno de man\u00ed con chocolate blanco\u201d.<\/p>\n","protected":false},"excerpt":{"rendered":"<div class=\"mh-excerpt\"><p>En la tarde del s\u00e1bado 19, en la Plaza Unidad Nacional tuvo lugar la III Fiesta del Pastelito Herradure\u00f1o 2025, donde se celebr\u00f3 la tradici\u00f3n <a class=\"mh-excerpt-more\" href=\"https:\/\/primiciasclorinda.com\/?p=35421\" title=\"Exitosa tercera edici\u00f3n de la Fiesta del Pastelito Herradure\u00f1o\">[&#8230;]<\/a><\/p>\n<\/div>","protected":false},"author":3,"featured_media":35422,"comment_status":"open","ping_status":"open","sticky":false,"template":"","format":"standard","meta":{"footnotes":""},"categories":[4,8],"tags":[4460,4448],"class_list":["post-35421","post","type-post","status-publish","format-standard","has-post-thumbnail","hentry","category-informacion-general","category-interior","tag-fiesta-del-pastelito","tag-provinciales"],"_links":{"self":[{"href":"https:\/\/primiciasclorinda.com\/index.php?rest_route=\/wp\/v2\/posts\/35421","targetHints":{"allow":["GET"]}}],"collection":[{"href":"https:\/\/primiciasclorinda.com\/index.php?rest_route=\/wp\/v2\/posts"}],"about":[{"href":"https:\/\/primiciasclorinda.com\/index.php?rest_route=\/wp\/v2\/types\/post"}],"author":[{"embeddable":true,"href":"https:\/\/primiciasclorinda.com\/index.php?rest_route=\/wp\/v2\/users\/3"}],"replies":[{"embeddable":true,"href":"https:\/\/primiciasclorinda.com\/index.php?rest_route=%2Fwp%2Fv2%2Fcomments&post=35421"}],"version-history":[{"count":1,"href":"https:\/\/primiciasclorinda.com\/index.php?rest_route=\/wp\/v2\/posts\/35421\/revisions"}],"predecessor-version":[{"id":35423,"href":"https:\/\/primiciasclorinda.com\/index.php?rest_route=\/wp\/v2\/posts\/35421\/revisions\/35423"}],"wp:featuredmedia":[{"embeddable":true,"href":"https:\/\/primiciasclorinda.com\/index.php?rest_route=\/wp\/v2\/media\/35422"}],"wp:attachment":[{"href":"https:\/\/primiciasclorinda.com\/index.php?rest_route=%2Fwp%2Fv2%2Fmedia&parent=35421"}],"wp:term":[{"taxonomy":"category","embeddable":true,"href":"https:\/\/primiciasclorinda.com\/index.php?rest_route=%2Fwp%2Fv2%2Fcategories&post=35421"},{"taxonomy":"post_tag","embeddable":true,"href":"https:\/\/primiciasclorinda.com\/index.php?rest_route=%2Fwp%2Fv2%2Ftags&post=35421"}],"curies":[{"name":"wp","href":"https:\/\/api.w.org\/{rel}","templated":true}]}}