{"id":35363,"date":"2025-04-16T15:57:48","date_gmt":"2025-04-16T18:57:48","guid":{"rendered":"http:\/\/primiciasclorinda.com\/?p=35363"},"modified":"2025-04-16T15:57:48","modified_gmt":"2025-04-16T18:57:48","slug":"un-paro-de-aduana-complica-el-transito-internacional-en-clorinda","status":"publish","type":"post","link":"https:\/\/primiciasclorinda.com\/?p=35363","title":{"rendered":"Un paro de Aduana complica el tr\u00e1nsito internacional en Clorinda"},"content":{"rendered":"<p>El paro del personal de Aduana afecta el tr\u00e1nsito de camiones en Clorinda, donde decenas de veh\u00edculos permanecen varados. La medida complica los tr\u00e1mites fronterizos en una semana corta por el feriado de Semana Santa.<\/p>\n<p><strong>la situaci\u00f3n en la zona primaria aduanera comenz\u00f3 a agravarse desde el martes, cuando los empleados de Aduana iniciaron un paro en reclamo de una recomposici\u00f3n salarial<\/strong>. La medida ya est\u00e1 repercutiendo y afecta especialmente en una semana corta, lo que impacta en el movimiento fronterizo.<\/p>\n<p><strong>Aunque el tr\u00e1nsito liviano y peatonal contin\u00faa sin interrupciones, el transporte internacional de cargas est\u00e1 pr\u00e1cticamente paralizado<\/strong>. El apag\u00f3n tecnol\u00f3gico en las oficinas de Aduana dificulta la realizaci\u00f3n de tr\u00e1mites para entrar o salir del pa\u00eds. Esto provoc\u00f3 que\u00a0<strong>decenas de camiones permanezcan varados en la Playa Municipal\u00a0y en zonas aleda\u00f1as<\/strong>.<\/p>\n<p>En medio de la incertidumbre, algunos transportistas se acercaron a la zona aduanera sin informaci\u00f3n clara sobre la medida y eso deriv\u00f3 en conflictos evitables. Ahora,\u00a0la situaci\u00f3n se encuentra m\u00e1s ordenada, ya que los afectados est\u00e1n al tanto del motivo del paro.<\/p>\n<p>El panorama es preocupante para los camioneros paraguayos, muchos de los cuales intentaban salir del pa\u00eds antes del feriado de\u00a0<strong>Semana Santa<\/strong>. Algunos ten\u00edan previsto viajar al interior del Paraguay para reunirse con sus familias, pero la interrupci\u00f3n de los servicios aduaneros podr\u00eda impedirles llegar a destino.\u00a0<strong>En Paraguay, adem\u00e1s, la administraci\u00f3n nacional\u00a0ya no trabaja desde hoy<\/strong>.<\/p>\n<p>Si bien el comunicado del gremio indica que la medida de fuerza se extiende de 7 a 19 horas, en la pr\u00e1ctica la aduana no retoma su funcionamiento completo luego de ese horario.\u00a0<strong>El movimiento comienza alrededor de las 9 de la ma\u00f1ana y se interrumpe antes de las 18, por lo que la jornada queda pr\u00e1cticamente sin operaciones<\/strong>.<\/p>\n<p>El conflicto se desarrolla en una fecha clave, ya que los pr\u00f3ximos d\u00edas no laborables y el aumento de movimiento migratorio por Semana Santa podr\u00edan afectar a\u00fan m\u00e1s la situaci\u00f3n en los pasos fronterizos<\/p>\n<p>&nbsp;<\/p>\n","protected":false},"excerpt":{"rendered":"<div class=\"mh-excerpt\"><p>El paro del personal de Aduana afecta el tr\u00e1nsito de camiones en Clorinda, donde decenas de veh\u00edculos permanecen varados. La medida complica los tr\u00e1mites fronterizos <a class=\"mh-excerpt-more\" href=\"https:\/\/primiciasclorinda.com\/?p=35363\" title=\"Un paro de Aduana complica el tr\u00e1nsito internacional en Clorinda\">[&#8230;]<\/a><\/p>\n<\/div>","protected":false},"author":3,"featured_media":35365,"comment_status":"open","ping_status":"open","sticky":false,"template":"","format":"standard","meta":{"footnotes":""},"categories":[1506],"tags":[310,26,641],"class_list":["post-35363","post","type-post","status-publish","format-standard","has-post-thumbnail","hentry","category-gremios","tag-aduana","tag-clorinda","tag-paro"],"_links":{"self":[{"href":"https:\/\/primiciasclorinda.com\/index.php?rest_route=\/wp\/v2\/posts\/35363","targetHints":{"allow":["GET"]}}],"collection":[{"href":"https:\/\/primiciasclorinda.com\/index.php?rest_route=\/wp\/v2\/posts"}],"about":[{"href":"https:\/\/primiciasclorinda.com\/index.php?rest_route=\/wp\/v2\/types\/post"}],"author":[{"embeddable":true,"href":"https:\/\/primiciasclorinda.com\/index.php?rest_route=\/wp\/v2\/users\/3"}],"replies":[{"embeddable":true,"href":"https:\/\/primiciasclorinda.com\/index.php?rest_route=%2Fwp%2Fv2%2Fcomments&post=35363"}],"version-history":[{"count":1,"href":"https:\/\/primiciasclorinda.com\/index.php?rest_route=\/wp\/v2\/posts\/35363\/revisions"}],"predecessor-version":[{"id":35366,"href":"https:\/\/primiciasclorinda.com\/index.php?rest_route=\/wp\/v2\/posts\/35363\/revisions\/35366"}],"wp:featuredmedia":[{"embeddable":true,"href":"https:\/\/primiciasclorinda.com\/index.php?rest_route=\/wp\/v2\/media\/35365"}],"wp:attachment":[{"href":"https:\/\/primiciasclorinda.com\/index.php?rest_route=%2Fwp%2Fv2%2Fmedia&parent=35363"}],"wp:term":[{"taxonomy":"category","embeddable":true,"href":"https:\/\/primiciasclorinda.com\/index.php?rest_route=%2Fwp%2Fv2%2Fcategories&post=35363"},{"taxonomy":"post_tag","embeddable":true,"href":"https:\/\/primiciasclorinda.com\/index.php?rest_route=%2Fwp%2Fv2%2Ftags&post=35363"}],"curies":[{"name":"wp","href":"https:\/\/api.w.org\/{rel}","templated":true}]}}