{"id":35321,"date":"2025-04-13T18:39:31","date_gmt":"2025-04-13T21:39:31","guid":{"rendered":"http:\/\/primiciasclorinda.com\/?p=35321"},"modified":"2025-04-13T18:39:31","modified_gmt":"2025-04-13T21:39:31","slug":"vamos-a-seguir-trabajando-desde-el-gobierno-provincial-por-la-gente-ratifico-solis-en-las-lomitas","status":"publish","type":"post","link":"https:\/\/primiciasclorinda.com\/?p=35321","title":{"rendered":"\u201cVamos a seguir trabajando desde el Gobierno provincial por la gente\u201d, ratific\u00f3 Sol\u00eds en Las Lomitas"},"content":{"rendered":"<p style=\"text-align: justify;\">El vicegobernador Eber Sol\u00eds cerr\u00f3 este viernes 11 la intensa jornada desarrollada en Las Lomitas con una competencia juvenil. En ese marco, realiz\u00f3 un balance de todas las actividades que el Gobierno de Formosa organiz\u00f3 con mucha participaci\u00f3n de vecinos.<\/p>\n<p style=\"text-align: justify;\">En ese sentido, Sol\u00eds se\u00f1al\u00f3 que primero, en el barrio Emeta, se realiz\u00f3 una atenci\u00f3n a mascotas con la cl\u00ednica m\u00f3vil y despu\u00e9s \u201cparticipamos de una actividad hermosa con escuelas de la modalidad Especial de Laguna Yema, Chiriguanos, Ingeniero Ju\u00e1rez, Pozo del Tigre y Las Lomitas como la anfitriona\u201d.<\/p>\n<p style=\"text-align: justify;\">Adem\u00e1s, firmaron convenios, donde uno de ellos estuvo \u201cenfocado en la responsabilidad social iniciada con el H\u00edpico de Las Lomitas, donde a partir de ahora se empezar\u00e1n a dictar las clases de equinoterapia\u201d, por ello, \u201cfue donado un caballo a una asociaci\u00f3n\u201d.<\/p>\n<p style=\"text-align: justify;\">\u201cEn Las Lomitas, la gesti\u00f3n (de Atilio Basualdo) no es peronista, sino que es liberal\u201d, ante esto, \u201cdesde el punto de vista pol\u00edtico vamos a trabajar para que el Peronismo vuelva aqu\u00ed\u201d, asegur\u00f3 contundente, al tiempo que marc\u00f3 que el Gobierno de Formosa realiz\u00f3 obras e incorpor\u00f3 maquinarias, a diferencia de la gesti\u00f3n local que \u201cse conforma con traer ropa de rezago de Aduana, que son las migajas del puerto de Buenos Aires\u201d.<\/p>\n<p style=\"text-align: justify;\">Por el contrario, \u201cnosotros, como formose\u00f1os, queremos las obras que el gobernador Insfr\u00e1n siempre las ha gestionado ante Naci\u00f3n\u201d, que hoy con el presidente Javier Milei sigue sin haber ninguna respuesta. A pesar de eso, sin quedarse de brazos cruzados, \u201ctoda la obra p\u00fablica, que depende del Tesoro Provincial en Formosa, se sigue haciendo\u201d, subray\u00f3.<\/p>\n<p style=\"text-align: justify;\">Obra estrat\u00e9gica<\/p>\n<p style=\"text-align: justify;\">Despu\u00e9s puso de ejemplo el Vicegobernador a la obra de la ruta provincial N\u00b0 28, al se\u00f1alar que antes de su construcci\u00f3n \u201clos formose\u00f1os deb\u00edan cruzar en canoa\u201d, por lo que su desarrollo, que \u201cfue reconocido como una de las mejores obras hidroviales a nivel nacional\u201d, permiti\u00f3 no solo abastecer de agua a toda esa zona, sino tambi\u00e9n Las Lomitas hasta Piran\u00e9; y desde Posta Cambio Zalazar hasta Laguna Naineck.<\/p>\n<p style=\"text-align: justify;\">De igual manera asegura la producci\u00f3n de agua a m\u00e1s de 270 mil personas. Por tanto, \u201cesa obra es estrat\u00e9gica y nosotros como formose\u00f1os la tenemos que defender\u201d, exhort\u00f3, pese a las cr\u00edticas de \u201cla oposici\u00f3n, porque ellos trabajan para un estudio de televisi\u00f3n en Buenos Aires, nosotros aqu\u00ed, todos los que formamos parte de la gesti\u00f3n del gobernador Insfr\u00e1n, vamos a seguir trabajando por la gente y desde el lugar que nos toque, seguiremos siempre haci\u00e9ndolo\u201d.<\/p>\n<p style=\"text-align: justify;\">Sol\u00eds dej\u00f3 en claro de manera categ\u00f3rica que \u201cen Formosa el Estado est\u00e1 presente con acciones y proyectos como son las obras que se est\u00e1n haciendo en esta zona de Las Lomitas con recursos del Tesoro Provincial, al igual que en toda la provincia, garantizando as\u00ed que cada formose\u00f1o y formose\u00f1a pueda vivir dignamente\u201d.<\/p>\n<p style=\"text-align: justify;\">Comercializaci\u00f3n<\/p>\n<p style=\"text-align: justify;\">En adelante, destac\u00f3 que en materia productiva \u201chay varias v\u00edas de comercializaci\u00f3n que el Estado pone a disposici\u00f3n de los productores, una de ellas es la feria del PAIPPA, pero tambi\u00e9n Soberan\u00eda Alimentaria Formose\u00f1a y el Plan Nutrir. Estos programas permiten dinamizar la actividad de ellos y es lo que el Modelo Formose\u00f1o defiende\u201d.<\/p>\n<p style=\"text-align: justify;\">Deportes<\/p>\n<p style=\"text-align: justify;\">Por \u00faltimo, hizo menci\u00f3n al torneo que convoc\u00f3 a un centenar de j\u00f3venes y m\u00e1s de 30 equipos de futsal femenino y masculino, el cual dio inicio en la EPEP N\u00b0 42.<\/p>\n<p style=\"text-align: justify;\">All\u00ed, Sol\u00eds comparti\u00f3 un grato momento con la comunidad y tras lo cual, acompa\u00f1\u00f3 la presentaci\u00f3n de los artistas Hern\u00e1n Arias y \u00c1ngelo Aranda. \u201cLos m\u00fasicos formose\u00f1os son aut\u00e9nticos defensores de la cultura formose\u00f1a y de lo popular, llevando nuestras tradiciones y valores a cada rinc\u00f3n de la provincia\u201d, los elogi\u00f3.<\/p>\n","protected":false},"excerpt":{"rendered":"<div class=\"mh-excerpt\"><p>El vicegobernador Eber Sol\u00eds cerr\u00f3 este viernes 11 la intensa jornada desarrollada en Las Lomitas con una competencia juvenil. En ese marco, realiz\u00f3 un balance <a class=\"mh-excerpt-more\" href=\"https:\/\/primiciasclorinda.com\/?p=35321\" title=\"\u201cVamos a seguir trabajando desde el Gobierno provincial por la gente\u201d, ratific\u00f3 Sol\u00eds en Las Lomitas\">[&#8230;]<\/a><\/p>\n<\/div>","protected":false},"author":3,"featured_media":35322,"comment_status":"open","ping_status":"open","sticky":false,"template":"","format":"standard","meta":{"footnotes":""},"categories":[8,3],"tags":[735,3487],"class_list":["post-35321","post","type-post","status-publish","format-standard","has-post-thumbnail","hentry","category-interior","category-politica-economia","tag-las-lomitas","tag-solis"],"_links":{"self":[{"href":"https:\/\/primiciasclorinda.com\/index.php?rest_route=\/wp\/v2\/posts\/35321","targetHints":{"allow":["GET"]}}],"collection":[{"href":"https:\/\/primiciasclorinda.com\/index.php?rest_route=\/wp\/v2\/posts"}],"about":[{"href":"https:\/\/primiciasclorinda.com\/index.php?rest_route=\/wp\/v2\/types\/post"}],"author":[{"embeddable":true,"href":"https:\/\/primiciasclorinda.com\/index.php?rest_route=\/wp\/v2\/users\/3"}],"replies":[{"embeddable":true,"href":"https:\/\/primiciasclorinda.com\/index.php?rest_route=%2Fwp%2Fv2%2Fcomments&post=35321"}],"version-history":[{"count":1,"href":"https:\/\/primiciasclorinda.com\/index.php?rest_route=\/wp\/v2\/posts\/35321\/revisions"}],"predecessor-version":[{"id":35323,"href":"https:\/\/primiciasclorinda.com\/index.php?rest_route=\/wp\/v2\/posts\/35321\/revisions\/35323"}],"wp:featuredmedia":[{"embeddable":true,"href":"https:\/\/primiciasclorinda.com\/index.php?rest_route=\/wp\/v2\/media\/35322"}],"wp:attachment":[{"href":"https:\/\/primiciasclorinda.com\/index.php?rest_route=%2Fwp%2Fv2%2Fmedia&parent=35321"}],"wp:term":[{"taxonomy":"category","embeddable":true,"href":"https:\/\/primiciasclorinda.com\/index.php?rest_route=%2Fwp%2Fv2%2Fcategories&post=35321"},{"taxonomy":"post_tag","embeddable":true,"href":"https:\/\/primiciasclorinda.com\/index.php?rest_route=%2Fwp%2Fv2%2Ftags&post=35321"}],"curies":[{"name":"wp","href":"https:\/\/api.w.org\/{rel}","templated":true}]}}