{"id":35303,"date":"2025-04-13T17:31:53","date_gmt":"2025-04-13T20:31:53","guid":{"rendered":"http:\/\/primiciasclorinda.com\/?p=35303"},"modified":"2025-04-13T17:31:53","modified_gmt":"2025-04-13T20:31:53","slug":"las-elecciones-en-clorinda-se-desarrollan-con-normalidad","status":"publish","type":"post","link":"https:\/\/primiciasclorinda.com\/?p=35303","title":{"rendered":"Las elecciones en Clorinda se desarrollan con normalidad"},"content":{"rendered":"<p style=\"text-align: justify;\">M\u00e1s de 50 mil ciudadanos clorindenses acuden este domingo 13 a las urnas para elegir al nuevo intendente de la ciudad, quien suceder\u00e1 en el cargo al fallecido Manuel Celauro.<\/p>\n<p style=\"text-align: justify;\">Hasta las 18 horas, unos 50.788 electores \u2013cifra final del padr\u00f3n que fuera confirmada a la Agencia de Noticias Formosa (AGENFOR) por el presidente del Tribunal Electoral Permanente (TEP), Daniel Moreno- pueden sufragar en las 147 mesas de los 18 establecimientos educativos habilitados como centros de votaci\u00f3n en esta jornada comicial, que es custodiada por 400 efectivos de la Polic\u00eda Provincial.<\/p>\n<p style=\"text-align: justify;\">Arturo Cabral, candidato a intendente por el PJ<br \/>\nEn ese marco, tras votar en la mesa 27 de la Escuela de Educaci\u00f3n Primaria N\u00b0 49, el candidato a intendente de Clorinda por el Partido Justicialista (PJ), Arturo Cabral, evalu\u00f3 la jornada comicial.<\/p>\n<p style=\"text-align: justify;\">\u201cMe parece que es una obligaci\u00f3n ineludible el votar\u201d, se\u00f1al\u00f3 en declaraciones que brind\u00f3 a esta Agencia.<\/p>\n<p style=\"text-align: justify;\">Consider\u00f3 que se trata de una de las elecciones m\u00e1s importantes que tuvo Clorinda, por \u201cla sencilla raz\u00f3n que est\u00e1 fuera de todo calendario y se elige una sola categor\u00eda\u201d.<\/p>\n<p style=\"text-align: justify;\">\u201cLa gente va a votar con mucha m\u00e1s conciencia que en otras oportunidades\u201d, evalu\u00f3, al recordar que est\u00e1n disputando el cargo siete candidatos, bien identificados, con distintas propuestas, considerando que todos se encuentran en igualdad de condiciones frente al electorado.<\/p>\n<p style=\"text-align: justify;\">Por su parte, el candidato a intendente por el PJ, Javier Paredes, expres\u00f3 que esta jornada eleccionaria se traduce \u201cen un d\u00eda muy importante para los clorindenses, donde se est\u00e1 viviendo una verdadera fiesta de la democracia\u201d.<\/p>\n<p style=\"text-align: justify;\">Javier Paredes, candidato a intendente por el PJ<\/p>\n<p style=\"text-align: justify;\">En este sentido, expres\u00f3 que espera que \u201clos vecinos est\u00e9n a la altura de las circunstancias para elegir a su futuro intendente\u201d.<\/p>\n<p style=\"text-align: justify;\">En referencia a la campa\u00f1a electoral que llev\u00f3 a cabo como candidato, esboz\u00f3 que \u201cse han abordados temas sensibles que hacen a la problem\u00e1tica cotidiana del vecino\u201d y asegur\u00f3 que \u201chay asignaturas pendientes y mucho por resolver, por los cuales se trabajar\u00e1 fuertemente\u201d, enfatiz\u00f3.<\/p>\n<p style=\"text-align: justify;\">En tanto que el intendente interino Ariel Caniza, candidato a jefe comunal por el PJ, tras votar en la mesa 31 de la EPES N\u00ba 49, remarc\u00f3 que \u201ccumplimos con el deber c\u00edvico que ten\u00edamos el d\u00eda de la fecha, como tambi\u00e9n cuando fui convocado hace cinco meses atr\u00e1s\u201d, cuando tras el repentino fallecimiento de Celauro asumi\u00f3 de manera interina la Intendencia.<\/p>\n<p style=\"text-align: justify;\">Ariel Caniza, intendente interino y candidato del PJ<\/p>\n<p style=\"text-align: justify;\">Coment\u00f3 que \u201crecorrimos distintas instituciones y lugares, viendo que todo se est\u00e1 desarrollando de manera normal, con mucha gente que est\u00e1 participando del acto electoral y eso es muy bueno\u201d, al igual que los adultos mayores que \u201cvan a cumplir con compromiso\u201d el derecho a votar.<\/p>\n<p style=\"text-align: justify;\">Prosigui\u00f3 diciendo que este lunes 14 se cumplir\u00e1n \u201cseis meses de que Manuel no est\u00e1 con nosotros\u201d, apuntando a la vez que \u201cjusto la fecha tambi\u00e9n llega un Domingo de Ramos, as\u00ed que asistimos a la misa y nos encomendamos a Dios. El pueblo va a elegir, los vecinos van a elegir qui\u00e9n va a seguir conduciendo la ciudad\u201d.<\/p>\n<p style=\"text-align: justify;\">A votar<\/p>\n<p style=\"text-align: justify;\">La directora de la Escuela de Educaci\u00f3n Primaria N\u00b0 176 \u201cSoberan\u00eda Nacional Argentina\u201d del barrio Riacho Negro, M\u00f3nica Fern\u00e1ndez, brind\u00f3 detalles sobre la jornada comicial.<\/p>\n<p style=\"text-align: justify;\">All\u00ed se habilitaron dos mesas, para 426 electores. \u201cEst\u00e1 todo funcionando normalmente, el pueblo est\u00e1 concurriendo a votar. La gente mayor se acerc\u00f3 primero para hacerlo bien temprano como es costumbre\u201d, precis\u00f3 en declaraciones que brind\u00f3 a AGENFOR.<\/p>\n<p style=\"text-align: justify;\">M\u00f3nica Fern\u00e1ndez, directora de la Escuela 176<br \/>\nDestac\u00f3 adem\u00e1s que las cuatro autoridades de mesa designadas por el Tribunal Electoral Permanente concurrieron a cumplir con su obligaci\u00f3n, por lo que no fue necesario designar a otras personas.<\/p>\n<p style=\"text-align: justify;\">A su vez, el director de Nivel Primario de la provincia, el profesor Juan Ignacio Meza, afirm\u00f3 que para este acto eleccionario en Clorinda \u201cse afectaron 18 unidades educativas\u201d y, en este sentido, destac\u00f3 el acompa\u00f1amiento del Ministerio de Cultura y Educaci\u00f3n en los d\u00edas previos y durante la jornada democr\u00e1tica.<\/p>\n<p style=\"text-align: justify;\">\u201cSe llev\u00f3 a cabo una tarea previa de organizaci\u00f3n para acondicionar los salones y preparar los cuartos oscuros, tareas de las que estuvieron a cargo los docentes de los establecimientos escolares, en la tarde del viernes 11\u201d, a\u00f1adi\u00f3.<\/p>\n<p style=\"text-align: justify;\">Estim\u00f3 que \u201cla misi\u00f3n fundamental de los directores de escuelas fue la de garantizar la transparencia, organizaci\u00f3n y todo aquello que est\u00e9 relacionado con la din\u00e1mica del acto leccionario, cumpliendo el rol de delegados electorales, lo que implica una gran responsabilidad\u201d.<\/p>\n<p style=\"text-align: justify;\">Para cerrar, inform\u00f3 que el lunes 14, \u201chay que volver a reorganizar las escuelas\u201d, por lo tanto, \u201cno tendr\u00e1n clases los alumnos del turno ma\u00f1ana de las 18 unidades afectadas\u201d, ya que \u201cse pondr\u00e1n en condiciones las aulas para los estudiantes de la jornada de la tarde\u201d, cerr\u00f3.<\/p>\n<p style=\"text-align: justify;\">Fiesta c\u00edvica<\/p>\n<p style=\"text-align: justify;\">Favio Lezcano coment\u00f3 que \u201csoy el responsable de los fiscales de mesa del Frente de la Victoria y trabajamos por primera vez en la Escuela 8, que se sum\u00f3 este a\u00f1o. Como experiencia nueva fue bastante satisfactoria porque para las 8 horas ten\u00edamos habilitado el total de las mesas, que eran 11, con unos 345 electores por mesa\u201d.<\/p>\n<p style=\"text-align: justify;\">\u201cTuvimos el faltante de cuatro presidentes de mesa, pero pudimos solucionar con la delegada electoral y se designaron, as\u00ed que todo inici\u00f3 con normalidad \u2013agreg\u00f3-. Todo est\u00e1 avanzando perfectamente y los fiscales partidarios estamos trabajando de forma tranquila\u201d.<\/p>\n<p style=\"text-align: justify;\">Hizo notar que \u201ccon tantos a\u00f1os de democracia, todos sabemos lo que hay que hacer y nadie quiere sacar ning\u00fan tipo de ventaja. Lo que tratamos es que el elector venga, haga su pr\u00e1ctica y se retire lo m\u00e1s r\u00e1pido posible\u201d.<\/p>\n<p style=\"text-align: justify;\">\u201cLo mismo sucedi\u00f3 con la fuerza policial, que desde temprano estuvieron custodiando el ingreso, habilitando el ingreso de los electores de manera progresiva para que no se amontonen en las mesas\u201d, indic\u00f3, destacando el cuarto oscuro accesible, dando accesibilidad a las personas con movilidad reducida, instando a los clorindenses a que vayan a sufragar. \u201cVengan a disfrutar de esta fiesta c\u00edvica\u201d, acentu\u00f3.<\/p>\n<p style=\"text-align: justify;\">Karen Abigail C\u00e1ceres<\/p>\n<p style=\"text-align: justify;\">Favio Lezcano<br \/>\nA su turno, Karen Abigail C\u00e1ceres, una de las j\u00f3venes fiscales de este acto eleccionario, puso en relevancia la acci\u00f3n de emitir el voto, estimando que \u201chay que tom\u00e1rselo con responsabilidad porque se est\u00e1 eligiendo al pr\u00f3ximo representante de la ciudad, es decir, a la persona que asumir\u00e1 la Intendencia y quien ser\u00e1 el encargado del progreso de Clorinda\u201d.<\/p>\n<p style=\"text-align: justify;\">\u201cAl entrar al cuarto oscuro uno se encuentra con muchas boletas, generando a veces un poco de miedo, pero al contrario, uno debe ser consciente que esa cantidad de candidatos te da la posibilidad de elegir al que m\u00e1s te represente, convirti\u00e9ndose tu voto en la acci\u00f3n m\u00e1s importante de este d\u00eda\u201d, signific\u00f3.<\/p>\n","protected":false},"excerpt":{"rendered":"<div class=\"mh-excerpt\"><p>M\u00e1s de 50 mil ciudadanos clorindenses acuden este domingo 13 a las urnas para elegir al nuevo intendente de la ciudad, quien suceder\u00e1 en el <a class=\"mh-excerpt-more\" href=\"https:\/\/primiciasclorinda.com\/?p=35303\" title=\"Las elecciones en Clorinda se desarrollan con normalidad\">[&#8230;]<\/a><\/p>\n<\/div>","protected":false},"author":3,"featured_media":35304,"comment_status":"open","ping_status":"open","sticky":false,"template":"","format":"standard","meta":{"footnotes":""},"categories":[3],"tags":[26,4409],"class_list":["post-35303","post","type-post","status-publish","format-standard","has-post-thumbnail","hentry","category-politica-economia","tag-clorinda","tag-elecciones-2025"],"_links":{"self":[{"href":"https:\/\/primiciasclorinda.com\/index.php?rest_route=\/wp\/v2\/posts\/35303","targetHints":{"allow":["GET"]}}],"collection":[{"href":"https:\/\/primiciasclorinda.com\/index.php?rest_route=\/wp\/v2\/posts"}],"about":[{"href":"https:\/\/primiciasclorinda.com\/index.php?rest_route=\/wp\/v2\/types\/post"}],"author":[{"embeddable":true,"href":"https:\/\/primiciasclorinda.com\/index.php?rest_route=\/wp\/v2\/users\/3"}],"replies":[{"embeddable":true,"href":"https:\/\/primiciasclorinda.com\/index.php?rest_route=%2Fwp%2Fv2%2Fcomments&post=35303"}],"version-history":[{"count":1,"href":"https:\/\/primiciasclorinda.com\/index.php?rest_route=\/wp\/v2\/posts\/35303\/revisions"}],"predecessor-version":[{"id":35305,"href":"https:\/\/primiciasclorinda.com\/index.php?rest_route=\/wp\/v2\/posts\/35303\/revisions\/35305"}],"wp:featuredmedia":[{"embeddable":true,"href":"https:\/\/primiciasclorinda.com\/index.php?rest_route=\/wp\/v2\/media\/35304"}],"wp:attachment":[{"href":"https:\/\/primiciasclorinda.com\/index.php?rest_route=%2Fwp%2Fv2%2Fmedia&parent=35303"}],"wp:term":[{"taxonomy":"category","embeddable":true,"href":"https:\/\/primiciasclorinda.com\/index.php?rest_route=%2Fwp%2Fv2%2Fcategories&post=35303"},{"taxonomy":"post_tag","embeddable":true,"href":"https:\/\/primiciasclorinda.com\/index.php?rest_route=%2Fwp%2Fv2%2Ftags&post=35303"}],"curies":[{"name":"wp","href":"https:\/\/api.w.org\/{rel}","templated":true}]}}