{"id":35212,"date":"2025-02-23T15:20:06","date_gmt":"2025-02-23T18:20:06","guid":{"rendered":"http:\/\/primiciasclorinda.com\/?p=35212"},"modified":"2025-02-23T15:21:48","modified_gmt":"2025-02-23T18:21:48","slug":"milei-analiza-si-resuelve-las-vacantes-de-la-corte-suprema-antes-de-su-discurso-ante-el-congreso","status":"publish","type":"post","link":"https:\/\/primiciasclorinda.com\/?p=35212","title":{"rendered":"Milei analiza si resuelve las vacantes de la Corte Suprema antes de su discurso ante el Congreso"},"content":{"rendered":"<p style=\"text-align: justify;\">El Presidente estudia con su c\u00edrculo m\u00e1s \u00edntimo si nombra a dos candidatos por DNU antes del 1 de marzo. Solo lo puede hacer si el Parlamento no est\u00e1 en funciones.<\/p>\n<p>Javier Milei se encuentra en un momento crucial de su gesti\u00f3n mientras prepara su discurso para la apertura de las sesiones ordinarias del Congreso, programada para el pr\u00f3ximo 1 de marzo.<\/p>\n<p style=\"text-align: justify;\">El mandatario tiene como prioridad abordar temas econ\u00f3micos, destacando la reducci\u00f3n de la inflaci\u00f3n, el ajuste fiscal \u201cm\u00e1s importante en la historia\u201d y el d\u00e9ficit cero. Sin embargo, el contexto pol\u00edtico, sumado a la controversia por el caso de la criptomoneda $Libra, y su impacto judicial, a\u00f1ade complejidad a este evento clave.<\/p>\n<p style=\"text-align: justify;\">Milei planea presentarse en el recinto con la banda y el bast\u00f3n presidencial, acompa\u00f1ado por dos Granaderos. No obstante, otros aspectos de su presentaci\u00f3n a\u00fan est\u00e1n en revisi\u00f3n, incluyendo c\u00f3mo manejar\u00e1 las tensiones con el Poder Legislativo tras un a\u00f1o marcado por enfrentamientos verbales con diputados y senadores. Adem\u00e1s, el jefe de Estado busca consolidar su posici\u00f3n en el \u00e1mbito judicial, enfrentando obst\u00e1culos en la designaci\u00f3n de jueces para la Corte Suprema.<\/p>\n<p style=\"text-align: justify;\">Uno de los puntos m\u00e1s delicados que enfrenta el Ejecutivo es la falta de consenso en el Congreso para aprobar los nombramientos de los jueces propuestos. De los dos candidatos enviados por la Casa Rosada, solo Ariel Lijo ha conseguido las firmas necesarias para avanzar hacia el recinto. En contraste, el pliego de Manuel Garc\u00eda Mansilla no cuenta con el respaldo suficiente, lo que ha llevado al Gobierno a considerar su nombramiento en comisi\u00f3n mediante un Decreto de Necesidad y Urgencia (DNU).<\/p>\n<p style=\"text-align: justify;\">Una fuente de alto nivel en la Casa Rosada explic\u00f3 que el Presidente desea que ambos jueces est\u00e9n presentes en el palco durante la apertura de sesiones. Sin embargo, esta estrategia enfrenta resistencia, ya que Lijo ha manifestado su rechazo a ser designado por DNU. Adem\u00e1s, ese nombramiento significar\u00eda que el juez tendr\u00eda que renunciar a su cargo actual para asumir en comisi\u00f3n y, a pesar de que aseguraban que contaba con los votos para la aprobaci\u00f3n de su pliego en el recinto, que el oficialismo haya desistido de su tratamiento durante las extraordinarias parecer\u00eda mostrar lo contrario.<\/p>\n<p style=\"text-align: justify;\">En este contexto, el Ejecutivo eval\u00faa alternativas, incluyendo la posibilidad de proponer nuevos nombres para garantizar que los cinco jueces de la Corte est\u00e9n presentes en el evento.<\/p>\n<p style=\"text-align: justify;\">El tiempo apremia, ya que el Congreso retomar\u00e1 sus sesiones el pr\u00f3ximo s\u00e1bado 1 de marzo, lo que limita el margen para realizar nombramientos por decreto. La norma establece que el Presidente s\u00f3lo puede nombrar por DNU a un juez en comisi\u00f3n para el m\u00e1ximo tribunal si el Congreso, que es quien tiene que prestar acuerdo, no est\u00e1 en funciones. Y eso s\u00f3lo suceder\u00e1 durante la pr\u00f3xima semana. Una vez que comience el ciclo de sesiones ordinarias, Milei ya no podr\u00e1 utilizar esta herramienta.<\/p>\n<p style=\"text-align: justify;\">Fuente: Infoboae.com<\/p>\n","protected":false},"excerpt":{"rendered":"<div class=\"mh-excerpt\"><p>El Presidente estudia con su c\u00edrculo m\u00e1s \u00edntimo si nombra a dos candidatos por DNU antes del 1 de marzo. Solo lo puede hacer si <a class=\"mh-excerpt-more\" href=\"https:\/\/primiciasclorinda.com\/?p=35212\" title=\"Milei analiza si resuelve las vacantes de la Corte Suprema antes de su discurso ante el Congreso\">[&#8230;]<\/a><\/p>\n<\/div>","protected":false},"author":3,"featured_media":35239,"comment_status":"open","ping_status":"open","sticky":false,"template":"","format":"standard","meta":{"footnotes":""},"categories":[4,3],"tags":[2199,4142],"class_list":["post-35212","post","type-post","status-publish","format-standard","has-post-thumbnail","hentry","category-informacion-general","category-politica-economia","tag-csj","tag-milei"],"_links":{"self":[{"href":"https:\/\/primiciasclorinda.com\/index.php?rest_route=\/wp\/v2\/posts\/35212","targetHints":{"allow":["GET"]}}],"collection":[{"href":"https:\/\/primiciasclorinda.com\/index.php?rest_route=\/wp\/v2\/posts"}],"about":[{"href":"https:\/\/primiciasclorinda.com\/index.php?rest_route=\/wp\/v2\/types\/post"}],"author":[{"embeddable":true,"href":"https:\/\/primiciasclorinda.com\/index.php?rest_route=\/wp\/v2\/users\/3"}],"replies":[{"embeddable":true,"href":"https:\/\/primiciasclorinda.com\/index.php?rest_route=%2Fwp%2Fv2%2Fcomments&post=35212"}],"version-history":[{"count":2,"href":"https:\/\/primiciasclorinda.com\/index.php?rest_route=\/wp\/v2\/posts\/35212\/revisions"}],"predecessor-version":[{"id":35240,"href":"https:\/\/primiciasclorinda.com\/index.php?rest_route=\/wp\/v2\/posts\/35212\/revisions\/35240"}],"wp:featuredmedia":[{"embeddable":true,"href":"https:\/\/primiciasclorinda.com\/index.php?rest_route=\/wp\/v2\/media\/35239"}],"wp:attachment":[{"href":"https:\/\/primiciasclorinda.com\/index.php?rest_route=%2Fwp%2Fv2%2Fmedia&parent=35212"}],"wp:term":[{"taxonomy":"category","embeddable":true,"href":"https:\/\/primiciasclorinda.com\/index.php?rest_route=%2Fwp%2Fv2%2Fcategories&post=35212"},{"taxonomy":"post_tag","embeddable":true,"href":"https:\/\/primiciasclorinda.com\/index.php?rest_route=%2Fwp%2Fv2%2Ftags&post=35212"}],"curies":[{"name":"wp","href":"https:\/\/api.w.org\/{rel}","templated":true}]}}