{"id":35189,"date":"2025-02-15T09:14:56","date_gmt":"2025-02-15T12:14:56","guid":{"rendered":"http:\/\/primiciasclorinda.com\/?p=35189"},"modified":"2025-02-15T09:16:33","modified_gmt":"2025-02-15T12:16:33","slug":"los-rehenes-israelies-liberados-este-sabado-se-reencontraron-con-sus-familias-y-fueron-trasladados-a-un-hospital-para-ser-examinados","status":"publish","type":"post","link":"https:\/\/primiciasclorinda.com\/?p=35189","title":{"rendered":"Los rehenes israel\u00edes liberados este s\u00e1bado se reencontraron con sus familias y fueron trasladados a un hospital para ser examinados"},"content":{"rendered":"<p style=\"text-align: justify;\">Sasha Trufanov, Iair Horn y Sagui Dekel Chen recibir\u00e1n tratamiento m\u00e9dico en una cl\u00ednica del centro del pa\u00eds.<\/p>\n<p>El grupo terrorista Hamas liber\u00f3 este s\u00e1bado a tres rehenes como parte del alto el fuego en la Franja de Gaza, vigente desde mediados de enero. Se trata de Sasha Trufanov, un ruso-israel\u00ed de 29 a\u00f1os; Sagui Dekel-Chen, de 36 a\u00f1os, con ascendencia estadounidense; y Iair Horn, un argentino-israel\u00ed de 46 a\u00f1os.<\/p>\n<p style=\"text-align: justify;\">A cambio, Israel excarcelar\u00e1 a 369 presos palestinos.<\/p>\n<p style=\"text-align: justify;\">Esta tregua busca frenar la guerra m\u00e1s mortal y destructiva entre Israel y Hamas, iniciada el 7 de octubre de 2023, cuando un ataque del grupo islamista contra territorio israel\u00ed desat\u00f3 el actual conflicto.<\/p>\n<p style=\"text-align: justify;\">Fuente: Infobae.com<\/p>\n","protected":false},"excerpt":{"rendered":"<div class=\"mh-excerpt\"><p>Sasha Trufanov, Iair Horn y Sagui Dekel Chen recibir\u00e1n tratamiento m\u00e9dico en una cl\u00ednica del centro del pa\u00eds. El grupo terrorista Hamas liber\u00f3 este s\u00e1bado <a class=\"mh-excerpt-more\" href=\"https:\/\/primiciasclorinda.com\/?p=35189\" title=\"Los rehenes israel\u00edes liberados este s\u00e1bado se reencontraron con sus familias y fueron trasladados a un hospital para ser examinados\">[&#8230;]<\/a><\/p>\n<\/div>","protected":false},"author":3,"featured_media":0,"comment_status":"open","ping_status":"open","sticky":false,"template":"","format":"standard","meta":{"footnotes":""},"categories":[3],"tags":[4435],"class_list":["post-35189","post","type-post","status-publish","format-standard","hentry","category-politica-economia","tag-rehenes-israelies"],"_links":{"self":[{"href":"https:\/\/primiciasclorinda.com\/index.php?rest_route=\/wp\/v2\/posts\/35189","targetHints":{"allow":["GET"]}}],"collection":[{"href":"https:\/\/primiciasclorinda.com\/index.php?rest_route=\/wp\/v2\/posts"}],"about":[{"href":"https:\/\/primiciasclorinda.com\/index.php?rest_route=\/wp\/v2\/types\/post"}],"author":[{"embeddable":true,"href":"https:\/\/primiciasclorinda.com\/index.php?rest_route=\/wp\/v2\/users\/3"}],"replies":[{"embeddable":true,"href":"https:\/\/primiciasclorinda.com\/index.php?rest_route=%2Fwp%2Fv2%2Fcomments&post=35189"}],"version-history":[{"count":2,"href":"https:\/\/primiciasclorinda.com\/index.php?rest_route=\/wp\/v2\/posts\/35189\/revisions"}],"predecessor-version":[{"id":35192,"href":"https:\/\/primiciasclorinda.com\/index.php?rest_route=\/wp\/v2\/posts\/35189\/revisions\/35192"}],"wp:attachment":[{"href":"https:\/\/primiciasclorinda.com\/index.php?rest_route=%2Fwp%2Fv2%2Fmedia&parent=35189"}],"wp:term":[{"taxonomy":"category","embeddable":true,"href":"https:\/\/primiciasclorinda.com\/index.php?rest_route=%2Fwp%2Fv2%2Fcategories&post=35189"},{"taxonomy":"post_tag","embeddable":true,"href":"https:\/\/primiciasclorinda.com\/index.php?rest_route=%2Fwp%2Fv2%2Ftags&post=35189"}],"curies":[{"name":"wp","href":"https:\/\/api.w.org\/{rel}","templated":true}]}}