{"id":35020,"date":"2025-01-11T09:25:33","date_gmt":"2025-01-11T12:25:33","guid":{"rendered":"http:\/\/primiciasclorinda.com\/?p=35020"},"modified":"2025-01-11T09:25:33","modified_gmt":"2025-01-11T12:25:33","slug":"coparticipacion-formosa-continua-ubicandose-como-una-de-las-provincias-que-menos-recursos-recibio-por-habitante","status":"publish","type":"post","link":"https:\/\/primiciasclorinda.com\/?p=35020","title":{"rendered":"Coparticipaci\u00f3n: Formosa contin\u00faa ubic\u00e1ndose como una de las provincias que menos recursos recibi\u00f3 por habitante"},"content":{"rendered":"<p style=\"text-align: justify;\">Desde el Observatorio Politik\u00e9, tomando como fuente los datos proporcionados por el presupuesto y la estimaci\u00f3n poblacional del INDEC, durante el 2024, explicaron que Formosa contin\u00faa ubic\u00e1ndose como una de las provincias que menos recursos recibi\u00f3 por habitante hasta el 27 de diciembre por parte del Gobierno nacional, por encima de la provincia de Entre R\u00edos y por debajo de Chaco.<\/p>\n<p style=\"text-align: justify;\">Elaboraci\u00f3n Politik\u00e9 en base al Presupuesto Nacional y del INDEC.<br \/>\nEn contraste a esta situaci\u00f3n, se puede observar c\u00f3mo la Ciudad Aut\u00f3noma de Buenos Aires (CABA) es la jurisdicci\u00f3n que m\u00e1s recursos recibe por habitante, reflejando la asimetr\u00eda con el resto de las provincias, indicaron.<\/p>\n<p style=\"text-align: justify;\">Construcci\u00f3n, empleo registrado y empresas<\/p>\n<p style=\"text-align: justify;\">Adem\u00e1s, reflejaron que los puestos de trabajo registrados en la construcci\u00f3n en el mes de octubre de 2024 cayeron en todas las provincias, disminuyeron un -17,3% a nivel nacional con respecto al mismo mes del a\u00f1o anterior, significando 65.169 puestos de trabajo menos en el sector debido a la recesi\u00f3n econ\u00f3mica que afecta a toda la Argentina.<\/p>\n<p style=\"text-align: justify;\">Continuando el an\u00e1lisis, indicaron que la totalidad de regiones del pa\u00eds sufrieron una ca\u00edda en la variaci\u00f3n interanual para el mes de octubre del 2024, siendo la regi\u00f3n del NEA la m\u00e1s afectada con una ca\u00edda del -36,8%, seguida por la regi\u00f3n de Cuyo con una ca\u00edda del -28%.<\/p>\n<p style=\"text-align: justify;\">En lo que refiere a empresas en el rubro de la construcci\u00f3n, contemplando el tipo de actividad (constructoras\/contratistas, subcontratistas), en el pa\u00eds para noviembre del 2024 hubo una ca\u00edda del -8,9% compar\u00e1ndolo con el mismo mes del a\u00f1o pasado.<\/p>\n<p style=\"text-align: justify;\">Producci\u00f3n industrial manufacturera<\/p>\n<p style=\"text-align: justify;\">En noviembre del 2024, el \u00cdndice de Producci\u00f3n Industrial Manufacturera (INDEC) mostr\u00f3 una baja del 1,7% compar\u00e1ndolo con el mismo mes del 2023.<\/p>\n<p style=\"text-align: justify;\">El rubro que m\u00e1s baj\u00f3 fue el de \u201cminerales no met\u00e1licos y met\u00e1licas b\u00e1sicas\u201d con un -12,6% comparado con el mismo mes del a\u00f1o pasado, los rubros que le siguieron en la ca\u00edda fueron \u201cmadera, papel, edici\u00f3n e impresi\u00f3n\u201d (- 7,6%), \u201ctextiles, prendas de vestir, cuero y calzado\u201d (-6,7%) y \u201crefinaci\u00f3n de petr\u00f3leo, qu\u00edmicos, productos de caucho y pl\u00e1stico\u201d (-4,5%).<\/p>\n<p style=\"text-align: justify;\">Elaboraci\u00f3n Politik\u00e9 en base a datos del INDEC.<br \/>\nInscripciones iniciales y transferencias de autos y motos<\/p>\n<p style=\"text-align: justify;\">En el mes de diciembre del 2024, las inscripciones iniciales de motos en la provincia de Formosa fueron de 10,9% en lo que respecta a su comparaci\u00f3n interanual y del 51,2% a nivel nacional para el mismo periodo de tiempo.<\/p>\n<p style=\"text-align: justify;\">En lo que respecta a las transferencias de autos, Politik\u00e9 observ\u00f3 que las mismas aumentaron un 6,9% en la provincia de Formosa en su comparaci\u00f3n con el mes de diciembre de 2023, mientras que para las transferencias de motos en la provincia del costado norte de la patria se registr\u00f3 un aumento del 5% para el mismo per\u00edodo de tiempo analizado.<\/p>\n<p style=\"text-align: justify;\">Votar a favor la Ley Bases, \u00bfla posici\u00f3n de algunos senadores benefici\u00f3 a sus provincias?<\/p>\n<p style=\"text-align: justify;\">Desde el Observatorio Politik\u00e9 realizaron un an\u00e1lisis de la forma de votar de algunos legisladores nacionales, sobre todo los senadores, en el marco de la Ley Bases de Javier Milei. Es por ello que comenzando por el inicio explican que el Congreso Nacional est\u00e1 compuesto por dos C\u00e1maras. La de Diputados, que representa a los ciudadanos, y cada provincia tiene representaci\u00f3n en funci\u00f3n de sus habitantes, y la de Senadores, donde la representaci\u00f3n es igualitaria y por ello se la reconoce como la m\u00e1s federal de todas y aquella donde se ve reflejada la posici\u00f3n de los Gobiernos provinciales. Por ello, un buen ejercicio para saber si la posici\u00f3n de los senadores beneficio a sus provincias, es observar c\u00f3mo votaron y cu\u00e1les fueron los resultados de esa votaci\u00f3n.<\/p>\n<p style=\"text-align: justify;\">\nElaboraci\u00f3n Politik\u00e9 en base a datos del diario La Naci\u00f3n.<br \/>\nIniciaron el recorrido por la provincia de Corrientes, cuyos tres Senadores votaron a favor de la ley Bases. All\u00ed solo se ejecut\u00f3 la mitad del presupuesto destinado a obras p\u00fablicas (55,95% al 6\/12\/2024).<\/p>\n<p style=\"text-align: justify;\">A su vez, la pobreza all\u00ed subi\u00f3 11,3% y la indigencia 4,8%. Si bien se habla de un segundo puente sobre el r\u00edo Paran\u00e1, hasta la fecha sigue siendo solo eso, dichos. Los tres Senadores de la provincia de Misiones tambi\u00e9n votaron a favor de la Ley Bases.<\/p>\n<p style=\"text-align: justify;\">En ella, el presupuesto para obras p\u00fablicas se subejecut\u00f3 en m\u00e1s de la mitad (solo 46,12%). Mientras que el desguace del Instituto Nacional de la Yerba Mate puso en crisis al sector yerbatero que produce m\u00e1s del 80% de la yerba de todo el pa\u00eds.<\/p>\n<p style=\"text-align: justify;\">Entre R\u00edos fue otra provincia que adhiri\u00f3 de manera un\u00e1nime a la Ley Bases en el Senado. Como retribuci\u00f3n, Naci\u00f3n le adelant\u00f3 $2000 millones para cubrir el d\u00e9ficit de su Caja Previsional. Una gota de agua en el desierto que lejos est\u00e1 de solucionar un problema estructural que tiene la Naci\u00f3n con 13 provincias a la que adeuda miles de millones de pesos en este rubro. Santa Fe aporto dos votos en el Senado. A cambio, tuvo un incremento de la pobreza que llev\u00f3 al gobierno de esa provincia a prorrogar la emergencia educativa, sanitaria y social.<\/p>\n<p style=\"text-align: justify;\">Por \u00faltimo, est\u00e1 el Caso de Tucum\u00e1n, cuyo gobernador no solo apoyo con sus senadores, sino tambi\u00e9n con sus tres diputados a la Ley Bases. El modelo de sobrevaluaci\u00f3n cambiaria que propone el presidente Javier Milei llev\u00f3 a esa provincia a retorcer en la producci\u00f3n de c\u00edtricos a los niveles m\u00e1s bajos de los \u00faltimos ocho a\u00f1os.<\/p>\n","protected":false},"excerpt":{"rendered":"<div class=\"mh-excerpt\"><p>Desde el Observatorio Politik\u00e9, tomando como fuente los datos proporcionados por el presupuesto y la estimaci\u00f3n poblacional del INDEC, durante el 2024, explicaron que Formosa <a class=\"mh-excerpt-more\" href=\"https:\/\/primiciasclorinda.com\/?p=35020\" title=\"Coparticipaci\u00f3n: Formosa contin\u00faa ubic\u00e1ndose como una de las provincias que menos recursos recibi\u00f3 por habitante\">[&#8230;]<\/a><\/p>\n<\/div>","protected":false},"author":3,"featured_media":0,"comment_status":"open","ping_status":"open","sticky":false,"template":"","format":"standard","meta":{"footnotes":""},"categories":[3],"tags":[211,23],"class_list":["post-35020","post","type-post","status-publish","format-standard","hentry","category-politica-economia","tag-coparticipacion","tag-formosa"],"_links":{"self":[{"href":"https:\/\/primiciasclorinda.com\/index.php?rest_route=\/wp\/v2\/posts\/35020","targetHints":{"allow":["GET"]}}],"collection":[{"href":"https:\/\/primiciasclorinda.com\/index.php?rest_route=\/wp\/v2\/posts"}],"about":[{"href":"https:\/\/primiciasclorinda.com\/index.php?rest_route=\/wp\/v2\/types\/post"}],"author":[{"embeddable":true,"href":"https:\/\/primiciasclorinda.com\/index.php?rest_route=\/wp\/v2\/users\/3"}],"replies":[{"embeddable":true,"href":"https:\/\/primiciasclorinda.com\/index.php?rest_route=%2Fwp%2Fv2%2Fcomments&post=35020"}],"version-history":[{"count":1,"href":"https:\/\/primiciasclorinda.com\/index.php?rest_route=\/wp\/v2\/posts\/35020\/revisions"}],"predecessor-version":[{"id":35022,"href":"https:\/\/primiciasclorinda.com\/index.php?rest_route=\/wp\/v2\/posts\/35020\/revisions\/35022"}],"wp:attachment":[{"href":"https:\/\/primiciasclorinda.com\/index.php?rest_route=%2Fwp%2Fv2%2Fmedia&parent=35020"}],"wp:term":[{"taxonomy":"category","embeddable":true,"href":"https:\/\/primiciasclorinda.com\/index.php?rest_route=%2Fwp%2Fv2%2Fcategories&post=35020"},{"taxonomy":"post_tag","embeddable":true,"href":"https:\/\/primiciasclorinda.com\/index.php?rest_route=%2Fwp%2Fv2%2Ftags&post=35020"}],"curies":[{"name":"wp","href":"https:\/\/api.w.org\/{rel}","templated":true}]}}