{"id":35003,"date":"2025-01-02T09:10:48","date_gmt":"2025-01-02T12:10:48","guid":{"rendered":"http:\/\/primiciasclorinda.com\/?p=35003"},"modified":"2025-01-03T09:11:11","modified_gmt":"2025-01-03T12:11:11","slug":"la-dictadura-de-maduro-difundio-fotos-y-videos-del-gendarme-argentino-secuestrado-en-venezuela","status":"publish","type":"post","link":"https:\/\/primiciasclorinda.com\/?p=35003","title":{"rendered":"La dictadura de Maduro difundi\u00f3 fotos y videos del gendarme argentino secuestrado en Venezuela"},"content":{"rendered":"<p style=\"text-align: justify;\">Las im\u00e1genes de Nahuel Gallo fueron transmitidas por redes sociales y su pareja, Mar\u00eda Alexandra G\u00f3mez, en di\u00e1logo con Infobae lo reconoci\u00f3: \u201cEs \u00e9l. Son unos criminales\u201d, dijo.<\/p>\n<p style=\"text-align: justify;\">El r\u00e9gimen de Maduro difundi\u00f3 im\u00e1genes de Nahuel Gallo, el gendarme argentino detenido en Venezuela<br \/>\nLa dictadura de Nicol\u00e1s Maduro difundi\u00f3 fotos y videos del gendarme Nahuel Agust\u00edn Gallo, quien est\u00e1 detenido desde el 8 de diciembre y cuyo paradero hasta ahora se desconoc\u00eda. \u201cEs \u00e9l\u201d, respondi\u00f3 Mar\u00eda Alexandra G\u00f3mez, la pareja que lo esperaba en Caracas, al ser consultada por Infobae sobre estas im\u00e1genes.<\/p>\n<p style=\"text-align: justify;\">En las fotos y video se lo puede ver al ciudadano argentino que est\u00e1 en poder del r\u00e9gimen chavista con una remera y un pantal\u00f3n color celeste claro, en una suerte de play\u00f3n y frente a unas gradas. Los jerarcas venezolanos no brindaron precisiones del d\u00eda ni del lugar en el que se tomaron. \u201cPuede ser la c\u00e1rcel de El Rodeo\u201d, afirm\u00f3 la pareja del uniformado.<\/p>\n<p style=\"text-align: justify;\">A trav\u00e9s de im\u00e1genes satelitales de Google, en el centro penitenciario El Rodeo se puede identificar un espacio id\u00e9ntico al que se ve en los videos que difundi\u00f3 hoy el r\u00e9gimen. Coinciden la pintura de cancha de b\u00e1squet, la ubicaci\u00f3n de una tribuna techada y el espacio verde detr\u00e1s del alambrado. Tambi\u00e9n el edificio pintado de negro que se ve a un costado.<\/p>\n<p style=\"text-align: justify;\">Las im\u00e1genes, las primeras que dio a conocer la dictadura de Nicol\u00e1s Maduro y Diosdado Cabello, se conocieron el mismo d\u00eda en que la Argentina present\u00f3 una denuncia ante la Corte Penal Internacional por la retenci\u00f3n de Nahuel Agust\u00edn Gallo, violando los m\u00e1s m\u00ednimos derechos humanos.<\/p>\n<p style=\"text-align: justify;\">Tambi\u00e9n ocurri\u00f3 en simult\u00e1neo a la confirmaci\u00f3n de que Edmundo Gonz\u00e1lez Urrutia, que es reconocido por Occidente como presidente electo leg\u00edtimo, visitar\u00e1 el pr\u00f3ximo s\u00e1bado a Javier Milei en la Casa Rosada, en el marco de una gira internacional para obtener apoyo para que el 10 de enero pueda asumir efectivamente su cargo.<\/p>\n<p style=\"text-align: justify;\">El Gobierno cre\u00f3 el Registro Nacional de Antecedentes de Conducta de las Fuerzas Policiales y de Seguridad<br \/>\nTe puede interesar:<br \/>\nEl Gobierno cre\u00f3 el Registro Nacional de Antecedentes de Conducta de las Fuerzas Policiales y de Seguridad<\/p>\n<p style=\"text-align: justify;\">\u201cEs \u00e9l. Son unos criminales\u201d, respondi\u00f3 Mar\u00eda Alexandra, en un breve contacto con Infobae, al ser consultada sobre si efectivamente se trataba de su pareja quien aparec\u00eda en las im\u00e1genes. Ella hab\u00eda estado pidiendo desde hace semanas una pruebas de vida, al igual que el resto de su familia, que vive en Catamarca.<\/p>\n<p style=\"text-align: justify;\">Hasta la publicaci\u00f3n del video y las fotos, el r\u00e9gimen venezolano se hab\u00eda referido respecto del Nahuel Agust\u00edn Gallo por una declaraci\u00f3n p\u00fablica de Diosdado Cabello, un comunicado de la Fiscal\u00eda General y una entrevista exclusiva que brind\u00f3 el fiscal Tarek William Saab a Infobae. En todos los casos hablaron de una supuesta participaci\u00f3n del gendarme en una presunta conspiraci\u00f3n internacional, de la que no hubo ninguna prueba.<\/p>\n<p style=\"text-align: justify;\">M\u00e1s all\u00e1 de que no se inform\u00f3 ni se puede probar el d\u00eda y el lugar donde se obtuvieron esas im\u00e1genes, al gendarme se lo vio en buen estado de salud general, en un posible centro de detenci\u00f3n.<\/p>\n<p style=\"text-align: justify;\">El Gobierno de Milei denunci\u00f3 hoy ante la Corte Penal Internacional (CPI) la detenci\u00f3n arbitraria y desaparici\u00f3n forzada de Gallo, secuestrado desde el pasado 8 de diciembre por la dictadura de Nicol\u00e1s Maduro en Venezuela. En el comunicado oficial de Canciller\u00eda, la denuncia incluy\u00f3 una menci\u00f3n directa a Tarek William Saab, que defendi\u00f3 la decisi\u00f3n del r\u00e9gimen con relaci\u00f3n a la situaci\u00f3n de Gallo y, entrevistado por este medio, asegur\u00f3 que el argentino participaba de \u201cacciones conspirativas contra la paz republicana\u201d.<\/p>\n<p style=\"text-align: justify;\">En su presentaci\u00f3n, la administraci\u00f3n argentina calific\u00f3 el secuestro del gendarme como una \u201cviolaci\u00f3n grave y flagrante de los derechos humanos\u201d y lo enmarc\u00f3 dentro de un supuesto \u201cpatr\u00f3n sistem\u00e1tico de cr\u00edmenes de lesa humanidad, que se est\u00e1n cometiendo en la Rep\u00fablica Bolivariana de Venezuela, los cuales se encuentran claramente bajo la jurisdicci\u00f3n de la CPI\u201d.<\/p>\n<p style=\"text-align: justify;\">El Gobierno solicit\u00f3 medidas cautelares ante la CIDH<br \/>\nA trav\u00e9s de un comunicado de Canciller\u00eda, el Ejecutivo inform\u00f3 que elev\u00f3 un pedido a la Comisi\u00f3n Interamericana de Derechos Humanos (CIDH) para que se ordene la liberaci\u00f3n del gendarme Nahuel Gallo.<\/p>\n<p style=\"text-align: justify;\">\u201cBasada en el art\u00edculo 25 del Reglamento de la CIDH, la solicitud enfatiza la urgencia del caso y el riesgo inminente para la vida e integridad de Gallo. La Rep\u00fablica Argentina espera que la Comisi\u00f3n Interamericana de Derechos Humanos resuelva con rapidez y exija su cumplimiento al Estado venezolano\u201d, se\u00f1ala el documento que fue publicado a trav\u00e9s de las redes del Ministerio de Relaciones Exteriores.<\/p>\n<p style=\"text-align: justify;\">Y cerr\u00f3: \u201cLos derechos humanos y la democracia deben ser respetados y protegidos por todos\u201d.<\/p>\n<p style=\"text-align: justify;\">Fuente: Infobae.com<\/p>\n","protected":false},"excerpt":{"rendered":"<div class=\"mh-excerpt\"><p>Las im\u00e1genes de Nahuel Gallo fueron transmitidas por redes sociales y su pareja, Mar\u00eda Alexandra G\u00f3mez, en di\u00e1logo con Infobae lo reconoci\u00f3: \u201cEs \u00e9l. Son <a class=\"mh-excerpt-more\" href=\"https:\/\/primiciasclorinda.com\/?p=35003\" title=\"La dictadura de Maduro difundi\u00f3 fotos y videos del gendarme argentino secuestrado en Venezuela\">[&#8230;]<\/a><\/p>\n<\/div>","protected":false},"author":3,"featured_media":35004,"comment_status":"open","ping_status":"open","sticky":false,"template":"","format":"standard","meta":{"footnotes":""},"categories":[3],"tags":[4422,982],"class_list":["post-35003","post","type-post","status-publish","format-standard","has-post-thumbnail","hentry","category-politica-economia","tag-gendarme-secuestrado","tag-venezuela"],"_links":{"self":[{"href":"https:\/\/primiciasclorinda.com\/index.php?rest_route=\/wp\/v2\/posts\/35003","targetHints":{"allow":["GET"]}}],"collection":[{"href":"https:\/\/primiciasclorinda.com\/index.php?rest_route=\/wp\/v2\/posts"}],"about":[{"href":"https:\/\/primiciasclorinda.com\/index.php?rest_route=\/wp\/v2\/types\/post"}],"author":[{"embeddable":true,"href":"https:\/\/primiciasclorinda.com\/index.php?rest_route=\/wp\/v2\/users\/3"}],"replies":[{"embeddable":true,"href":"https:\/\/primiciasclorinda.com\/index.php?rest_route=%2Fwp%2Fv2%2Fcomments&post=35003"}],"version-history":[{"count":1,"href":"https:\/\/primiciasclorinda.com\/index.php?rest_route=\/wp\/v2\/posts\/35003\/revisions"}],"predecessor-version":[{"id":35005,"href":"https:\/\/primiciasclorinda.com\/index.php?rest_route=\/wp\/v2\/posts\/35003\/revisions\/35005"}],"wp:featuredmedia":[{"embeddable":true,"href":"https:\/\/primiciasclorinda.com\/index.php?rest_route=\/wp\/v2\/media\/35004"}],"wp:attachment":[{"href":"https:\/\/primiciasclorinda.com\/index.php?rest_route=%2Fwp%2Fv2%2Fmedia&parent=35003"}],"wp:term":[{"taxonomy":"category","embeddable":true,"href":"https:\/\/primiciasclorinda.com\/index.php?rest_route=%2Fwp%2Fv2%2Fcategories&post=35003"},{"taxonomy":"post_tag","embeddable":true,"href":"https:\/\/primiciasclorinda.com\/index.php?rest_route=%2Fwp%2Fv2%2Ftags&post=35003"}],"curies":[{"name":"wp","href":"https:\/\/api.w.org\/{rel}","templated":true}]}}