{"id":34994,"date":"2024-12-28T12:26:04","date_gmt":"2024-12-28T15:26:04","guid":{"rendered":"http:\/\/primiciasclorinda.com\/?p=34994"},"modified":"2024-12-31T12:27:40","modified_gmt":"2024-12-31T15:27:40","slug":"insfran-en-las-lomitas-no-nos-encandila-sacarnos-fotos-con-personajes-tenebrosos-solo-la-fe-en-dios-y-el-amor-a-nuestro-pueblo-es-lo-que-nos-mueve","status":"publish","type":"post","link":"https:\/\/primiciasclorinda.com\/?p=34994","title":{"rendered":"Insfr\u00e1n en Las Lomitas: \u201cNo nos encandila sacarnos fotos con personajes tenebrosos, s\u00f3lo la fe en Dios y el amor a nuestro pueblo es lo que nos mueve\u201d"},"content":{"rendered":"<p style=\"text-align: justify;\">Este viernes 27 de diciembre, en el marco de la inauguraci\u00f3n del Parque Acu\u00e1tico \u201cMiguel \u00c1ngel \u2018Negro\u2019 Medina\u201d de Las Lomitas, el gobernador de Formosa, Gildo Insfr\u00e1n, ofici\u00f3 como orador principal y asegur\u00f3 a los presentes que \u201cs\u00f3lo la fe en Dios y el amor a nuestro pueblo es lo que nos mueve\u201d.<\/p>\n<p style=\"text-align: justify;\">\u201cNo tengo idea por qu\u00e9 tendr\u00eda que tener miedo de venir aqu\u00ed\u201d, sostuvo al tomar la palabra; y aclar\u00f3: \u201cAl contrario, ahora me van a ver m\u00e1s que nunca\u201d.<\/p>\n<p style=\"text-align: justify;\">\u201cUstedes saben que, a palabras necias, o\u00eddos sordos; as\u00ed que, las mentiras caen por su propio peso y cuando uno anda en caballo prestado, se le saca el caballo y queda a pata\u201d, expres\u00f3.<\/p>\n<p style=\"text-align: justify;\">La fe en Dios y el amor al Pueblo<\/p>\n<p style=\"text-align: justify;\">Asimismo, el mandatario explic\u00f3 que \u201cel motivo de nuestra presencia no es para ocuparme de peque\u00f1eces\u201d sino de \u201cdisfrutar con ustedes eso que est\u00e1n disfrutando los ni\u00f1os en las piletas\u201d porque \u201ca nosotros, los peronistas, Per\u00f3n nos ense\u00f1\u00f3 que: ni\u00f1ez feliz, hombre bueno\u201d.<\/p>\n<p style=\"text-align: justify;\">\u201cEso estamos haciendo a trav\u00e9s de esta obra, es una obra com\u00fan, pueden estar o no de acuerdo, hacerse o no responsables, pero no se preocupen, el Gobierno de la provincia va a estar presente para que estos ni\u00f1os tengan la misma oportunidad que tienen otros en otros lados, pero en su propia casa; el inter\u00e9s pasa por ah\u00ed\u201d, manifest\u00f3.<\/p>\n<p style=\"text-align: justify;\">Y sentenci\u00f3: \u201cNos arrodillamos s\u00f3lo ante Dios, no nos encandila la luz de la ciudad, ni sacarnos fotos con personajes tenebrosos, solamente la fe en Dios y el amor a nuestro pueblo es lo que nos mueve y nos va a seguir moviendo, pese a todo, para seguir realizando y consolidando el Modelo Formose\u00f1o\u201d.<\/p>\n<p style=\"text-align: justify;\">En este punto de su alocuci\u00f3n, Insfr\u00e1n sugiri\u00f3 que no hay que equivocarse en pensar \u201cque la historia comenz\u00f3 cuando uno lleg\u00f3\u201d, ya que \u201chablar de una obra de esta naturaleza, en Lomitas, 30 o 40 a\u00f1os atr\u00e1s, era impensado\u201d.<\/p>\n<p style=\"text-align: justify;\">\u201cPorque, en todo el oeste, el problema era el agua, que no hab\u00eda, ten\u00edamos caminos de tierra, la generaci\u00f3n el\u00e9ctrica era local y hoy tenemos pavimento, conectividad, celulares, wifi en las distintas escuelas, agua, plantas potabilizadoras que llevan agua a cada vecino\u201d, detall\u00f3.<\/p>\n<p style=\"text-align: justify;\">Y anticip\u00f3 que, en los primeros meses del a\u00f1o que viene, \u201cestaremos inaugurando la obra de la ruta 28: la planta potabilizadora que va a traer agua para todas las comunidades hasta Campo del Cielo\u201d, al mismo tiempo que, destac\u00f3, que \u201cde esta planta tambi\u00e9n el acueducto lleg\u00f3 a Mu\u00f1iz, que son casi cinco kil\u00f3metros que est\u00e1n en servicio\u201d.<\/p>\n<p style=\"text-align: justify;\">\u201cYo estoy seguro que los lomitenses no se olvidan que, cuando transitan las calles, hay m\u00e1s de 50 cuadras de pavimento que hizo este Gobierno; pero no para Juan ni Pedro, sino al servicio del pueblo, as\u00ed como las escuelas, los colegios\u201d, precis\u00f3.<\/p>\n<p style=\"text-align: justify;\">Abrir los ojos<\/p>\n<p style=\"text-align: justify;\">De esta manera, el Gobernador pidi\u00f3 \u201cabrir los ojos\u201d porque \u201cmientras nos quieren hacer pelear con estas estupideces, el nuevo jefe de quienes hoy nos denostan est\u00e1 entregando el pa\u00eds, nuestra soberan\u00eda\u201d.<\/p>\n<p style=\"text-align: justify;\">\u201cEstamos por retroceder 200 a\u00f1os de historia, burl\u00e1ndose de nuestros pr\u00f3ceres, cont\u00e1ndonos cuentos de hadas, que hackearon y robaron los planos del CAREM que lleva a\u00f1os de estudios, que raro que eso no est\u00e9 bajo siete medidas de seguridad \u00bfno ser\u00eda que es una forma de entrega disimulada de nuestra ciencia y tecnolog\u00eda?\u201d, cuestion\u00f3.<\/p>\n<p style=\"text-align: justify;\">Y a\u00f1adi\u00f3: \u201cYo soy mal pensando en eso, les digo la verdad, estamos entregando ahora la hidrov\u00eda Paran\u00e1-Paraguay, a 30 a\u00f1os y con un remanente a 30 a\u00f1os m\u00e1s, a empresas extranjeras\u201d.<\/p>\n<p style=\"text-align: justify;\">Pero, manifest\u00f3 Insfr\u00e1n, que su preocupaci\u00f3n \u201ces mayor\u201d y pregunt\u00f3 a los presentes: \u201c\u00bfUstedes creen que no se trat\u00f3 el presupuesto del 2025 nom\u00e1s por desidia de los legisladores?\u201d, al mismo tiempo que respondi\u00f3: \u201cEsto es premeditado, porque ellos dicen: dispusimos sacar el impuesto PAIS, mentira, venci\u00f3 la ley del impuesto PAIS\u201d.<\/p>\n<p style=\"text-align: justify;\">\u201cY eso, para el a\u00f1o que viene, significa tres puntos del Producto Bruto Interno, as\u00ed que, a arremangarse chamigos, porque la motosierra va a seguir viniendo sobre nosotros, sobre las provincias y nuestro pueblo\u201d, advirti\u00f3.<\/p>\n<p style=\"text-align: justify;\">Aunque, asever\u00f3, \u201cno vamos a dar el brazo a torcer, muchos menos escondernos, como algunos pretenden, ni tampoco tenemos miedo\u201d.<\/p>\n<p style=\"text-align: justify;\">\u201cCon la fe puesta en Dios y con la fuerza que nos da la voluntad de ustedes me despido dici\u00e9ndoles las palabras de San Francisco: paz y bien\u201d, cerr\u00f3.<\/p>\n","protected":false},"excerpt":{"rendered":"<div class=\"mh-excerpt\"><p>Este viernes 27 de diciembre, en el marco de la inauguraci\u00f3n del Parque Acu\u00e1tico \u201cMiguel \u00c1ngel \u2018Negro\u2019 Medina\u201d de Las Lomitas, el gobernador de Formosa, <a class=\"mh-excerpt-more\" href=\"https:\/\/primiciasclorinda.com\/?p=34994\" title=\"Insfr\u00e1n en Las Lomitas: \u201cNo nos encandila sacarnos fotos con personajes tenebrosos, s\u00f3lo la fe en Dios y el amor a nuestro pueblo es lo que nos mueve\u201d\">[&#8230;]<\/a><\/p>\n<\/div>","protected":false},"author":3,"featured_media":34995,"comment_status":"open","ping_status":"open","sticky":false,"template":"","format":"standard","meta":{"footnotes":""},"categories":[3],"tags":[18,735],"class_list":["post-34994","post","type-post","status-publish","format-standard","has-post-thumbnail","hentry","category-politica-economia","tag-gildo-insfran","tag-las-lomitas"],"_links":{"self":[{"href":"https:\/\/primiciasclorinda.com\/index.php?rest_route=\/wp\/v2\/posts\/34994","targetHints":{"allow":["GET"]}}],"collection":[{"href":"https:\/\/primiciasclorinda.com\/index.php?rest_route=\/wp\/v2\/posts"}],"about":[{"href":"https:\/\/primiciasclorinda.com\/index.php?rest_route=\/wp\/v2\/types\/post"}],"author":[{"embeddable":true,"href":"https:\/\/primiciasclorinda.com\/index.php?rest_route=\/wp\/v2\/users\/3"}],"replies":[{"embeddable":true,"href":"https:\/\/primiciasclorinda.com\/index.php?rest_route=%2Fwp%2Fv2%2Fcomments&post=34994"}],"version-history":[{"count":1,"href":"https:\/\/primiciasclorinda.com\/index.php?rest_route=\/wp\/v2\/posts\/34994\/revisions"}],"predecessor-version":[{"id":34996,"href":"https:\/\/primiciasclorinda.com\/index.php?rest_route=\/wp\/v2\/posts\/34994\/revisions\/34996"}],"wp:featuredmedia":[{"embeddable":true,"href":"https:\/\/primiciasclorinda.com\/index.php?rest_route=\/wp\/v2\/media\/34995"}],"wp:attachment":[{"href":"https:\/\/primiciasclorinda.com\/index.php?rest_route=%2Fwp%2Fv2%2Fmedia&parent=34994"}],"wp:term":[{"taxonomy":"category","embeddable":true,"href":"https:\/\/primiciasclorinda.com\/index.php?rest_route=%2Fwp%2Fv2%2Fcategories&post=34994"},{"taxonomy":"post_tag","embeddable":true,"href":"https:\/\/primiciasclorinda.com\/index.php?rest_route=%2Fwp%2Fv2%2Ftags&post=34994"}],"curies":[{"name":"wp","href":"https:\/\/api.w.org\/{rel}","templated":true}]}}