{"id":34991,"date":"2024-12-28T12:24:00","date_gmt":"2024-12-28T15:24:00","guid":{"rendered":"http:\/\/primiciasclorinda.com\/?p=34991"},"modified":"2024-12-31T12:25:15","modified_gmt":"2024-12-31T15:25:15","slug":"gonzalez-sobre-la-oposicion-local-lo-que-buscan-es-ponerse-en-un-lugar-de-victimas-y-no-ameritan-mas-que-el-repudio","status":"publish","type":"post","link":"https:\/\/primiciasclorinda.com\/?p=34991","title":{"rendered":"Gonz\u00e1lez sobre la oposici\u00f3n local: \u201cLo que buscan es ponerse en un lugar de v\u00edctimas y no ameritan m\u00e1s que el repudio\u201d"},"content":{"rendered":"<p style=\"text-align: justify;\">En el marco de la inauguraci\u00f3n del nuevo Parque Acu\u00e1tico \u201cMiguel \u00c1ngel \u2018Negro\u2019 Medina\u201d, encabezado por el gobernador Gildo Insfr\u00e1n, en Las Lomitas, el ministro de Gobierno, Justicia, Seguridad y Trabajo de la provincia de Formosa, Jorge Abel Gonz\u00e1lez, destac\u00f3 la alegr\u00eda de la comunidad por esta obra tan esperada.<\/p>\n<p style=\"text-align: justify;\">Asimismo, en declaraciones recogidas por esta Agencia de Noticias Formosa (AGENFOR), se refiri\u00f3 a los comentarios de una diputada provincial de la oposici\u00f3n, quien critic\u00f3 al gobernador Gildo Insfr\u00e1n por esta nueva obra.<\/p>\n<p style=\"text-align: justify;\">Afirm\u00f3 que \u201cya no merece ni la atenci\u00f3n\u201d, porque \u201clas declaraciones hablan m\u00e1s bien de la persona que las expresa y as\u00ed denigra su rol de legisladora\u201d.<\/p>\n<p style=\"text-align: justify;\">\u201cCreo que la emoci\u00f3n y verborragia medi\u00e1tica juegan algunas veces una mala pasada\u201d, expres\u00f3, a\u00f1adiendo que \u201cest\u00e1 muy lejos de plantear un debate pol\u00edtico\u201d.<\/p>\n<p style=\"text-align: justify;\">Y asever\u00f3 que \u201clo que buscan muchas veces es ponerse en un lugar de v\u00edctimas y sinceramente no ameritan m\u00e1s que el repudio\u201d.<\/p>\n<p style=\"text-align: justify;\">Finalmente, se\u00f1al\u00f3 que \u201cnosotros no tratamos as\u00ed a nuestros adversarios pol\u00edticos porque son personas y no corresponde que tratemos a otras personas de esa manera\u201d.<\/p>\n","protected":false},"excerpt":{"rendered":"<div class=\"mh-excerpt\"><p>En el marco de la inauguraci\u00f3n del nuevo Parque Acu\u00e1tico \u201cMiguel \u00c1ngel \u2018Negro\u2019 Medina\u201d, encabezado por el gobernador Gildo Insfr\u00e1n, en Las Lomitas, el ministro <a class=\"mh-excerpt-more\" href=\"https:\/\/primiciasclorinda.com\/?p=34991\" title=\"Gonz\u00e1lez sobre la oposici\u00f3n local: \u201cLo que buscan es ponerse en un lugar de v\u00edctimas y no ameritan m\u00e1s que el repudio\u201d\">[&#8230;]<\/a><\/p>\n<\/div>","protected":false},"author":3,"featured_media":0,"comment_status":"open","ping_status":"open","sticky":false,"template":"","format":"standard","meta":{"footnotes":""},"categories":[4],"tags":[23,3431],"class_list":["post-34991","post","type-post","status-publish","format-standard","hentry","category-informacion-general","tag-formosa","tag-gonzalez"],"_links":{"self":[{"href":"https:\/\/primiciasclorinda.com\/index.php?rest_route=\/wp\/v2\/posts\/34991","targetHints":{"allow":["GET"]}}],"collection":[{"href":"https:\/\/primiciasclorinda.com\/index.php?rest_route=\/wp\/v2\/posts"}],"about":[{"href":"https:\/\/primiciasclorinda.com\/index.php?rest_route=\/wp\/v2\/types\/post"}],"author":[{"embeddable":true,"href":"https:\/\/primiciasclorinda.com\/index.php?rest_route=\/wp\/v2\/users\/3"}],"replies":[{"embeddable":true,"href":"https:\/\/primiciasclorinda.com\/index.php?rest_route=%2Fwp%2Fv2%2Fcomments&post=34991"}],"version-history":[{"count":1,"href":"https:\/\/primiciasclorinda.com\/index.php?rest_route=\/wp\/v2\/posts\/34991\/revisions"}],"predecessor-version":[{"id":34993,"href":"https:\/\/primiciasclorinda.com\/index.php?rest_route=\/wp\/v2\/posts\/34991\/revisions\/34993"}],"wp:attachment":[{"href":"https:\/\/primiciasclorinda.com\/index.php?rest_route=%2Fwp%2Fv2%2Fmedia&parent=34991"}],"wp:term":[{"taxonomy":"category","embeddable":true,"href":"https:\/\/primiciasclorinda.com\/index.php?rest_route=%2Fwp%2Fv2%2Fcategories&post=34991"},{"taxonomy":"post_tag","embeddable":true,"href":"https:\/\/primiciasclorinda.com\/index.php?rest_route=%2Fwp%2Fv2%2Ftags&post=34991"}],"curies":[{"name":"wp","href":"https:\/\/api.w.org\/{rel}","templated":true}]}}