{"id":34838,"date":"2024-12-11T12:48:02","date_gmt":"2024-12-11T15:48:02","guid":{"rendered":"http:\/\/primiciasclorinda.com\/?p=34838"},"modified":"2024-12-11T12:48:02","modified_gmt":"2024-12-11T15:48:02","slug":"este-sabado-sera-el-sorteo-de-ubicacion-de-las-viviendas-preadjudicadas-del-ipv","status":"publish","type":"post","link":"https:\/\/primiciasclorinda.com\/?p=34838","title":{"rendered":"Este s\u00e1bado ser\u00e1 el sorteo de ubicaci\u00f3n de las viviendas preadjudicadas del IPV"},"content":{"rendered":"<p style=\"text-align: justify;\">Este s\u00e1bado 14, desde las 7.45 horas, en la Sala de Sorteos del Instituto de Asistencia Social (IAS), se realizar\u00e1 el sorteo de ubicaci\u00f3n de las viviendas preadjudicadas del barrio Nueva Formosa, que se concret\u00f3 el pasado 30 de septiembre.<\/p>\n<p style=\"text-align: justify;\">El evento se transmitir\u00e1 en vivo por la Red Formose\u00f1a de Medios de Comunicaci\u00f3n para todo el territorio provincial.<\/p>\n<p style=\"text-align: justify;\">Al respecto, el titular del IAS, \u00c9dgar P\u00e9rez, convers\u00f3 con AGENFOR y puso en valor este \u201checho pol\u00edtico e institucional\u201d de posibilitar la concreci\u00f3n del sue\u00f1o de cientos de familias que anhelan tener la casa propia.<\/p>\n<p style=\"text-align: justify;\">\u201cEl Gobierno de la provincia de Formosa, pese a todas las vicisitudes que ya conocemos, pudo concluir un n\u00famero importante de viviendas all\u00ed en el complejo de la nueva Formosa, que fueron sorteadas hace un tiempo atr\u00e1s y que tuvo un n\u00famero de preadjudicatarios\u201d, sostuvo.<\/p>\n<p style=\"text-align: justify;\">Y a\u00f1adi\u00f3: \u201cEl Instituto Provincial de la Vivienda inici\u00f3 su trabajo de visita, de constataci\u00f3n, de corroborar la informaci\u00f3n aportada por cada uno y, superada esta instancia, estamos ahora en la etapa del sorteo de ubicaci\u00f3n para estas familias que fueron ratificadas como beneficiarias en este complejo de la Nueva Formosa\u201d.<\/p>\n<p style=\"text-align: justify;\">Respecto al sorteo, el funcionario explic\u00f3 que cada beneficiario entrar\u00e1 en un padr\u00f3n definitivo, a medida que vayan saliendo sorteados los n\u00fameros correspondientes y \u201cse les va a ir asignando la ubicaci\u00f3n dentro del sector que ya ha sido asignado por el IPV\u201d.<\/p>\n<p style=\"text-align: justify;\">\u201cYo creo que esto que hace realidad el gobernador (Gildo) Insfr\u00e1n, es un hecho sino el m\u00e1s importante que vive una familia, de poder tener su casa, su techo propio, un lugar donde construir su hogar que, en este momento particular en la Argentina, creo que debe ser la \u00fanica provincia que puede materializar estos hechos, que van mucho m\u00e1s all\u00e1 de la construcci\u00f3n en s\u00ed de una vivienda, que es toda una significancia en s\u00ed mismo\u201d, consider\u00f3.<\/p>\n<p style=\"text-align: justify;\">Y record\u00f3 la paralizaci\u00f3n de las obras por parte del Gobierno nacional, la quita de recursos y de financiamiento para ellas, al mismo tiempo que celebr\u00f3 la \u201cbuena administraci\u00f3n de la gesti\u00f3n del gobernador Insfr\u00e1n\u201d para afrontar con recursos propios este tipo de pol\u00edticas.<\/p>\n<p style=\"text-align: justify;\">\u201cPoder terminar las viviendas y garantizarles a estas familias que fueron sorteadas en un acto p\u00fablico absolutamente transparente, que va a tener en este fin de a\u00f1o la posibilidad de tener su vivienda, creo que es un hecho muy oficioso, de mucha alegr\u00eda y para celebrar en verdad, porque no es com\u00fan vivir esta circunstancia\u201d, ratific\u00f3.<\/p>\n<p style=\"text-align: justify;\">Y cerr\u00f3: \u201c\u00bfQu\u00e9 provincia puede estar pensando en la entrega de viviendas para un n\u00famero tan importante de familias, en un contexto de la paralizaci\u00f3n total de la obra p\u00fablica? Y en eso van viviendas, van escuelas, van hospitales, van rutas, un mont\u00f3n de cosas que por decisi\u00f3n pol\u00edtica y por tener recursos propios, se pudo terminar\u201d.<\/p>\n","protected":false},"excerpt":{"rendered":"<div class=\"mh-excerpt\"><p>Este s\u00e1bado 14, desde las 7.45 horas, en la Sala de Sorteos del Instituto de Asistencia Social (IAS), se realizar\u00e1 el sorteo de ubicaci\u00f3n de <a class=\"mh-excerpt-more\" href=\"https:\/\/primiciasclorinda.com\/?p=34838\" title=\"Este s\u00e1bado ser\u00e1 el sorteo de ubicaci\u00f3n de las viviendas preadjudicadas del IPV\">[&#8230;]<\/a><\/p>\n<\/div>","protected":false},"author":3,"featured_media":34839,"comment_status":"open","ping_status":"open","sticky":false,"template":"","format":"standard","meta":{"footnotes":""},"categories":[4,3],"tags":[23,304],"class_list":["post-34838","post","type-post","status-publish","format-standard","has-post-thumbnail","hentry","category-informacion-general","category-politica-economia","tag-formosa","tag-ipv"],"_links":{"self":[{"href":"https:\/\/primiciasclorinda.com\/index.php?rest_route=\/wp\/v2\/posts\/34838","targetHints":{"allow":["GET"]}}],"collection":[{"href":"https:\/\/primiciasclorinda.com\/index.php?rest_route=\/wp\/v2\/posts"}],"about":[{"href":"https:\/\/primiciasclorinda.com\/index.php?rest_route=\/wp\/v2\/types\/post"}],"author":[{"embeddable":true,"href":"https:\/\/primiciasclorinda.com\/index.php?rest_route=\/wp\/v2\/users\/3"}],"replies":[{"embeddable":true,"href":"https:\/\/primiciasclorinda.com\/index.php?rest_route=%2Fwp%2Fv2%2Fcomments&post=34838"}],"version-history":[{"count":1,"href":"https:\/\/primiciasclorinda.com\/index.php?rest_route=\/wp\/v2\/posts\/34838\/revisions"}],"predecessor-version":[{"id":34840,"href":"https:\/\/primiciasclorinda.com\/index.php?rest_route=\/wp\/v2\/posts\/34838\/revisions\/34840"}],"wp:featuredmedia":[{"embeddable":true,"href":"https:\/\/primiciasclorinda.com\/index.php?rest_route=\/wp\/v2\/media\/34839"}],"wp:attachment":[{"href":"https:\/\/primiciasclorinda.com\/index.php?rest_route=%2Fwp%2Fv2%2Fmedia&parent=34838"}],"wp:term":[{"taxonomy":"category","embeddable":true,"href":"https:\/\/primiciasclorinda.com\/index.php?rest_route=%2Fwp%2Fv2%2Fcategories&post=34838"},{"taxonomy":"post_tag","embeddable":true,"href":"https:\/\/primiciasclorinda.com\/index.php?rest_route=%2Fwp%2Fv2%2Ftags&post=34838"}],"curies":[{"name":"wp","href":"https:\/\/api.w.org\/{rel}","templated":true}]}}