{"id":34833,"date":"2024-12-06T09:13:51","date_gmt":"2024-12-06T12:13:51","guid":{"rendered":"http:\/\/primiciasclorinda.com\/?p=34833"},"modified":"2024-12-06T09:13:51","modified_gmt":"2024-12-06T12:13:51","slug":"la-cumbre-de-presidentes-del-mercosur-busca-aprobar-el-acuerdo-comercial-con-la-union-europea","status":"publish","type":"post","link":"https:\/\/primiciasclorinda.com\/?p=34833","title":{"rendered":"la Cumbre de presidentes del Mercosur busca aprobar el acuerdo comercial con la Uni\u00f3n Europea"},"content":{"rendered":"<p style=\"text-align: justify;\">Los jefes de Estado de Argentina, Javier Milei; Brasil, Lula da Silva; Paraguay, Santiago Pe\u00f1a; Uruguay, Luis Lacalle Pou; y Bolivia, Luis Arce; se re\u00fanen en la sede del bloque situada en la costa de Montevideo. La presidenta de la Comisi\u00f3n Europea, \u00darsula von der Leyen, asiste como invitada.<\/p>\n<p>Con el objetivo de establecer un acuerdo de libre comercio con la Uni\u00f3n Europea y prepararse para la incorporaci\u00f3n de nuevos miembros asociados, el Mercosur celebra en Montevideo, Uruguay, su 65\u00aa cumbre. Los l\u00edderes de Argentina, Brasil, Paraguay, Uruguay y Bolivia, que est\u00e1 en la etapa final de adhesi\u00f3n plena, se re\u00fanen en la sede del bloque situada en la costa de la capital uruguaya, con vistas al R\u00edo de la Plata.<\/p>\n<p style=\"text-align: justify;\">Se trata de la primera ocasi\u00f3n en la que Javier Milei, Luiz In\u00e1cio Lula da Silva, Santiago Pe\u00f1a, Luis Lacalle Pou y Luis Arce asistan conjuntamente a una cumbre de presidentes de los Estados miembros del Mercosur, ya que el mandatario argentino no particip\u00f3 en la edici\u00f3n anterior.<\/p>\n<p style=\"text-align: justify;\">Adem\u00e1s, esta cumbre marca la despedida de Lacalle Pou, ya que el pr\u00f3ximo 1 de marzo transferir\u00e1 la presidencia de su pa\u00eds a Yamand\u00fa Orsi, quien fue elegido como el pr\u00f3ximo mandatario de Uruguay. Orsi acept\u00f3 acompa\u00f1ar a Lacalle despu\u00e9s de ser invitado por el actual presidente tras ganar la segunda vuelta de las elecciones.<\/p>\n<p style=\"text-align: justify;\">En la agenda de la reuni\u00f3n se destaca la negociaci\u00f3n del acuerdo entre la Uni\u00f3n Europea y el Mercosur, considerado uno de los puntos principales.<\/p>\n<p style=\"text-align: justify;\">La cumbre dio inicio este jueves con una reuni\u00f3n de los ministros de Econom\u00eda y Hacienda, as\u00ed como de los presidentes de los bancos centrales de los Estados miembros del bloque, junto con la Reuni\u00f3n Ordinaria del Consejo del Mercado Com\u00fan.<\/p>\n<p><img loading=\"lazy\" decoding=\"async\" class=\"alignnone size-large wp-image-34835\" src=\"http:\/\/primiciasclorinda.com\/wp-content\/uploads\/2024\/12\/469472903_1116416349836290_8179867449216075400_n-533x300.jpg\" alt=\"\" width=\"533\" height=\"300\" \/><\/p>\n<p style=\"text-align: justify;\">Fuente: Infobae.com<\/p>\n","protected":false},"excerpt":{"rendered":"<div class=\"mh-excerpt\"><p>Los jefes de Estado de Argentina, Javier Milei; Brasil, Lula da Silva; Paraguay, Santiago Pe\u00f1a; Uruguay, Luis Lacalle Pou; y Bolivia, Luis Arce; se re\u00fanen <a class=\"mh-excerpt-more\" href=\"https:\/\/primiciasclorinda.com\/?p=34833\" title=\"la Cumbre de presidentes del Mercosur busca aprobar el acuerdo comercial con la Uni\u00f3n Europea\">[&#8230;]<\/a><\/p>\n<\/div>","protected":false},"author":3,"featured_media":34834,"comment_status":"open","ping_status":"open","sticky":false,"template":"","format":"standard","meta":{"footnotes":""},"categories":[3],"tags":[1084,4142],"class_list":["post-34833","post","type-post","status-publish","format-standard","has-post-thumbnail","hentry","category-politica-economia","tag-mercosur","tag-milei"],"_links":{"self":[{"href":"https:\/\/primiciasclorinda.com\/index.php?rest_route=\/wp\/v2\/posts\/34833","targetHints":{"allow":["GET"]}}],"collection":[{"href":"https:\/\/primiciasclorinda.com\/index.php?rest_route=\/wp\/v2\/posts"}],"about":[{"href":"https:\/\/primiciasclorinda.com\/index.php?rest_route=\/wp\/v2\/types\/post"}],"author":[{"embeddable":true,"href":"https:\/\/primiciasclorinda.com\/index.php?rest_route=\/wp\/v2\/users\/3"}],"replies":[{"embeddable":true,"href":"https:\/\/primiciasclorinda.com\/index.php?rest_route=%2Fwp%2Fv2%2Fcomments&post=34833"}],"version-history":[{"count":1,"href":"https:\/\/primiciasclorinda.com\/index.php?rest_route=\/wp\/v2\/posts\/34833\/revisions"}],"predecessor-version":[{"id":34836,"href":"https:\/\/primiciasclorinda.com\/index.php?rest_route=\/wp\/v2\/posts\/34833\/revisions\/34836"}],"wp:featuredmedia":[{"embeddable":true,"href":"https:\/\/primiciasclorinda.com\/index.php?rest_route=\/wp\/v2\/media\/34834"}],"wp:attachment":[{"href":"https:\/\/primiciasclorinda.com\/index.php?rest_route=%2Fwp%2Fv2%2Fmedia&parent=34833"}],"wp:term":[{"taxonomy":"category","embeddable":true,"href":"https:\/\/primiciasclorinda.com\/index.php?rest_route=%2Fwp%2Fv2%2Fcategories&post=34833"},{"taxonomy":"post_tag","embeddable":true,"href":"https:\/\/primiciasclorinda.com\/index.php?rest_route=%2Fwp%2Fv2%2Ftags&post=34833"}],"curies":[{"name":"wp","href":"https:\/\/api.w.org\/{rel}","templated":true}]}}