{"id":3478,"date":"2016-08-31T17:06:10","date_gmt":"2016-08-31T17:06:10","guid":{"rendered":"http:\/\/primiciasclorinda.com\/?p=3478"},"modified":"2016-08-31T21:31:54","modified_gmt":"2016-08-31T21:31:54","slug":"fedema-se-llevara-a-cabo-del-6-al-9-de-octubre-en-el-predio-ferial-vuelta-fermoza-2","status":"publish","type":"post","link":"https:\/\/primiciasclorinda.com\/?p=3478","title":{"rendered":"FEDEMA: se llevar\u00e1 a cabo del 6 al 9 de octubre en el Predio Ferial \u201cVuelta Fermoza\u201d"},"content":{"rendered":"<p style=\"text-align: justify;\"><img loading=\"lazy\" decoding=\"async\" class=\"alignnone size-full wp-image-3479\" src=\"http:\/\/primiciasclorinda.com\/wp-content\/uploads\/2016\/08\/fedema.jpg\" alt=\"fedema\" width=\"600\" height=\"362\" srcset=\"https:\/\/primiciasclorinda.com\/wp-content\/uploads\/2016\/08\/fedema.jpg 600w, https:\/\/primiciasclorinda.com\/wp-content\/uploads\/2016\/08\/fedema-300x181.jpg 300w\" sizes=\"auto, (max-width: 600px) 100vw, 600px\" \/><br \/>\nPoco tiempo falta para el encuentro que marca la tendencia e innovaci\u00f3n en cuanto a la Foresto Industria de la Madera, con una superficie expositiva de 25.000 metros cuadrados, ya est\u00e1 confirmada la participaci\u00f3n de m\u00e1s de 100 empresas entre locales, nacionales e internacionales.<!--more--><br \/>\nLa Feria que re\u00fane a los referentes y profesionales del Sector de la foresto industria de la madera brinda a los expositores un lugar apropiado para poder mostrar sus productos y nuevas tendencias en cuanto a muebles, herramientas, insumos y artesan\u00edas.<\/p>\n<p style=\"text-align: justify;\">FEDEMA representa una oportunidad para estar donde est\u00e1 la competencia, diferenciarse y expandir sus negocios al mercado nacional e internacional. El escenario indicado para exponer sus productos y servicios consolidando su marca.<\/p>\n<p style=\"text-align: justify;\">Afirmada en s\u00f3lidas bases, FEDEMA es el lugar elegido para mostrar el potencial de la Industria Maderera de la provincia y la regi\u00f3n, d\u00e1ndole proyecci\u00f3n nacional e internacional. Aqu\u00ed encuentran, en s\u00f3lo cuatro d\u00edas, los componentes imprescindibles para garantizar el \u00e9xito de su empresa. Dentro de alguna de las empresas que ya confirmaron su presencia exponiendo sus productos est\u00e1n CyC Maderas, Cecilia Muebles, CL Aberturas, Nueva Ra\u00edz, Mobiliar, Cristian Verwimp, Maderas Alberdi, Centro Oficinas SRL, Tecnoga, El Galp\u00f3n Madera, entre otras.<br \/>\nTambi\u00e9n tendr\u00e1n su espacio los Maestros Carpinteros confirmando as\u00ed su presencia carpinteros de las localidades de Piran\u00e9, Palo Santo y Formosa capital.<\/p>\n<p style=\"text-align: justify;\">En la exposici\u00f3n se dar\u00e1n cita firmas relacionadas con el sector de la madera, puesto que es la Feria referente del sector, de ah\u00ed que las empresas y profesionales aprovechen este evento para presentarnos sus \u00faltimas novedades y avances. En FEDEMA podremos encontrar lo nuevo en tecnolog\u00eda para fabricantes de muebles y carpinter\u00eda. Maquinarias en general, Herramientas y proveedores de herrajes u otros insumos para el sector.<\/p>\n<p style=\"text-align: justify;\">La Feria que a\u00f1o tras a\u00f1o crece en sus alcances vuelve abrir sus puertas creando as\u00ed un espacio \u00fanico, donde el mueble, los negocios, el dise\u00f1o y la creaci\u00f3n se encuentran cara a cara.<\/p>\n<p style=\"text-align: justify;\">Para ampliar la informaci\u00f3n lo invitamos a visitar nuestra p\u00e1gina web: www.fedema.com.ar.; o en facebook: Fedema- Feria Internacional del Mueble y la Madera.<\/p>\n","protected":false},"excerpt":{"rendered":"<div class=\"mh-excerpt\"><p>Poco tiempo falta para el encuentro que marca la tendencia e innovaci\u00f3n en cuanto a la Foresto Industria de la Madera, con una superficie expositiva <a class=\"mh-excerpt-more\" href=\"https:\/\/primiciasclorinda.com\/?p=3478\" title=\"FEDEMA: se llevar\u00e1 a cabo del 6 al 9 de octubre en el Predio Ferial \u201cVuelta Fermoza\u201d\">[&#8230;]<\/a><\/p>\n<\/div>","protected":false},"author":3,"featured_media":0,"comment_status":"open","ping_status":"open","sticky":false,"template":"","format":"standard","meta":{"footnotes":""},"categories":[4],"tags":[620,23],"class_list":["post-3478","post","type-post","status-publish","format-standard","hentry","category-informacion-general","tag-fedema","tag-formosa"],"_links":{"self":[{"href":"https:\/\/primiciasclorinda.com\/index.php?rest_route=\/wp\/v2\/posts\/3478","targetHints":{"allow":["GET"]}}],"collection":[{"href":"https:\/\/primiciasclorinda.com\/index.php?rest_route=\/wp\/v2\/posts"}],"about":[{"href":"https:\/\/primiciasclorinda.com\/index.php?rest_route=\/wp\/v2\/types\/post"}],"author":[{"embeddable":true,"href":"https:\/\/primiciasclorinda.com\/index.php?rest_route=\/wp\/v2\/users\/3"}],"replies":[{"embeddable":true,"href":"https:\/\/primiciasclorinda.com\/index.php?rest_route=%2Fwp%2Fv2%2Fcomments&post=3478"}],"version-history":[{"count":2,"href":"https:\/\/primiciasclorinda.com\/index.php?rest_route=\/wp\/v2\/posts\/3478\/revisions"}],"predecessor-version":[{"id":3481,"href":"https:\/\/primiciasclorinda.com\/index.php?rest_route=\/wp\/v2\/posts\/3478\/revisions\/3481"}],"wp:attachment":[{"href":"https:\/\/primiciasclorinda.com\/index.php?rest_route=%2Fwp%2Fv2%2Fmedia&parent=3478"}],"wp:term":[{"taxonomy":"category","embeddable":true,"href":"https:\/\/primiciasclorinda.com\/index.php?rest_route=%2Fwp%2Fv2%2Fcategories&post=3478"},{"taxonomy":"post_tag","embeddable":true,"href":"https:\/\/primiciasclorinda.com\/index.php?rest_route=%2Fwp%2Fv2%2Ftags&post=3478"}],"curies":[{"name":"wp","href":"https:\/\/api.w.org\/{rel}","templated":true}]}}