{"id":34597,"date":"2024-10-20T11:08:08","date_gmt":"2024-10-20T14:08:08","guid":{"rendered":"http:\/\/primiciasclorinda.com\/?p=34597"},"modified":"2024-10-20T11:08:09","modified_gmt":"2024-10-20T14:08:09","slug":"la-libertad-avanza-y-pro-cierran-la-larga-disputa-por-la-presidencia-de-diputados-y-discuten-la-estrategia-bonaerense","status":"publish","type":"post","link":"https:\/\/primiciasclorinda.com\/?p=34597","title":{"rendered":"La Libertad Avanza y PRO cierran la larga disputa por la Presidencia de Diputados y discuten la estrategia bonaerense"},"content":{"rendered":"<p style=\"text-align: justify;\">Cristian Ritondo y Mart\u00edn Menem dieron por terminada la puja por ese lugar clave. Fue luego del acuerdo para que Macri nombre a una funcionaria en Energ\u00eda y las promesas de cargos para legisladores amarillos. Bronca de Karina Milei contra las \u201coperaciones\u201d del ex mandatario.<\/p>\n<p>Despu\u00e9s de meses de tensi\u00f3n, tambi\u00e9n Mart\u00edn Menem y Cristian Ritondo sellaron una tregua. Hace dos semanas se reunieron a solas en el despacho del presidente de la C\u00e1mara de Diputados para tomar algo y relajar despu\u00e9s de las tensiones de una semana dura por la ley de fondos universitarios. El referente de PRO estaba de bueno humor por el triunfo de Independiente ese domingo, pero no s\u00f3lo por eso. El Gobierno acababa de iniciar una serie de gestos que indicaban que les har\u00edan caso, al menos, en alguno de los reclamos que ven\u00edan haciendo pr\u00e1cticamente desde el inicio de la gesti\u00f3n.<\/p>\n<p style=\"text-align: justify;\">Esa conversaci\u00f3n distendida ocurri\u00f3 d\u00edas despu\u00e9s de que Santiago Caputo se encontrara con Mauricio Macri y con el propio Ritondo, principal alfil del ex presidente en el Congreso. Desde entonces, el riojano y el bonaerense volvieron a hablar varias veces, y en el Gobierno aseguran que esas charlas, adem\u00e1s de garantizar a Milei la supervivencia del veto a los fondos universitarios y las pr\u00f3ximas discusiones en el Congreso, terminaron de cerrarle la puerta a la posibilidad, largamente pregonada desde PRO y resistida en LLA, de que Ritondo ocupe el lugar de Menem.<\/p>\n<p style=\"text-align: justify;\">En La Libertad Avanza aclaran que las concesiones a los amarillos, as\u00ed como el asado con los gobernadores del PJ y fuerzas independientes prevista para ma\u00f1ana a la noche en Olivos, responden exclusivamente a sus necesidades legislativas. \u201cEs para asegurarnos los 87. No hay otro motivo\u201d, lanzan, reactivos a la idea que propagan desde el macrismo de que el Gobierno finalmente \u201centendi\u00f3\u201d y \u201cse dej\u00f3 ayudar\u201d en la gesti\u00f3n.<\/p>\n<p style=\"text-align: justify;\">Ritondo, cuentan en su entorno, nunca quiso especialmente ese lugar, per s\u00e9. S\u00ed buscaba, en la l\u00ednea de Macri, un acuerdo \u201cmacro\u201d, que incluyera un lugar en la mesa de decisiones, aunque fuera sobre agenda legislativa, y una \u201ccolaboraci\u00f3n\u201d en lugares espec\u00edficos del Estado (que los alfiles de Milei siempre interpretaron como un simple pedido de cargos). Y ahora, los macristas soltaron la l\u00ednea de presi\u00f3n por la titularidad de la C\u00e1mara baja, para facilitar el acuerdo que est\u00e1 en v\u00edas de construcci\u00f3n.<\/p>\n<p style=\"text-align: justify;\">En el oficialismo se inclinan por pensar que el acercamiento estrat\u00e9gico de Ritondo, adem\u00e1s de la conformidad, se debe a una cuota de \u201crealismo\u201d ante las imposibilidades demostradas durante los diez meses de administraci\u00f3n libertaria. Mart\u00edn Menem es uno de los protegidos de Karina Milei, la funcionaria m\u00e1s poderosa del Gobierno y la m\u00e1s intransigente frente a los intentos de Macri de desembarcar en la gesti\u00f3n.<\/p>\n<p style=\"text-align: justify;\">Esta semana, por ejemplo, cerca de la Secretaria General deslizaban que no estaban \u201ctan seguros\u201d de que el nombramiento de Mar\u00eda Tettamanti al frente de la Secretar\u00eda de Energ\u00eda hubiera sido una ofrenda para conformar al l\u00edder aliado. \u201cElla particip\u00f3 de los equipos de Patricia, \u00bfno?\u201d, desliz\u00f3 un referente muy cercano a la hermana de Milei, en sinton\u00eda con la ministra de Seguridad, que ven\u00eda de protestar por lo bajo tras presenciar c\u00f3mo Macri se auto-atribu\u00eda esa designaci\u00f3n.<\/p>\n<p style=\"text-align: justify;\">En IDEA, Mauricio Macri hab\u00eda respondido breve pero conciso a la pregunta de un periodista sobre el nombramiento de Tettamanti: \u201cNos pidieron colaboraci\u00f3n\u201d.<\/p>\n<p style=\"text-align: justify;\">En Balcarce 50 s\u00ed confirmaron que fue Santiago Caputo, con la venia de Milei, quien acord\u00f3 entregarle el manejo de Energ\u00eda a una experta de Fundaci\u00f3n Pensar propuesta por Emilio Apud, hombre de confianza de Macri, a ra\u00edz de sus dos conversaciones presenciales con el ex mandatario. Pero remarcaron que fue el jefe de PRO quien pidi\u00f3 ese lugar, insistentemente, y que Milei s\u00f3lo cedi\u00f3, pero nunca pidi\u00f3 ayuda.<\/p>\n<p style=\"text-align: justify;\">En medio de estas sutilezas, en el entorno de Karina despotricaron contra las \u201coperaciones\u201d del ex mandatario. Y por ahora niegan nuevas designaciones de macristas, sean pol\u00edticos o t\u00e9cnicos, en otros lugares de peso en la administraci\u00f3n. Del lado amarillo auguran lo contrario y vislumbran roles para algunos de sus legisladores.<\/p>\n<p style=\"text-align: justify;\">En resumen, los violetas aseguran que Ritondo \u201centendi\u00f3\u201d que era imposible que Karina Milei le soltara la mano a Menem para conformar a sus socios, a pesar de la tendencia del propio Presidente por tender puentes.<\/p>\n<p style=\"text-align: justify;\">El acercamiento entre Menem y Ritondo responde a las necesidades parlamentarias del oficialismo de cara a un noviembre complicado por el debate del Presupuesto y la iniciativa de la oposici\u00f3n dura para modificar la ley de DNU. Pero, tambi\u00e9n, al principio de acuerdo que sellaron los amarillos y los libertarios de cara a las elecciones legislativas en la provincia de Buenos Aires.<\/p>\n<p style=\"text-align: justify;\">Vicepresidente del reci\u00e9n creado partido de La Libertad Avanza, Mart\u00edn Menem se transform\u00f3, junto a su primo Lule, en el principal armador de Karina Milei en el interior. Recorre el pa\u00eds -ayer estuvo en Catamarca-, y se presenta como voz de la Secretaria General cuando no est\u00e1 -como el jueves, cuando disert\u00f3 en el coloquio de IDEA mientras la hermana del Presidente se dispon\u00eda a viajar rumbo a Francia-.<\/p>\n<p style=\"text-align: justify;\">Pero el sobrino de Carlos Menem tiene un grado de influencia fuerte en el dise\u00f1o de la estrategia en el territorio m\u00e1s poblado, donde el principal operador de la Secretaria es el senador bonaerense Sebasti\u00e1n Pareja. Y con Ritondo, presidente del PRO en la Provincia, decidieron que una pelea entre ambos en ese distrito los dejar\u00eda \u201cregalados\u201d ante el kirchnerismo, sea quien sea que encabece la lista opositora a nivel nacional y oficialista en PBA.<\/p>\n<p style=\"text-align: justify;\">Buenos Aires probablemente sea el \u00fanico distrito importante donde trabajen juntos contra Cristina Kirchner y Axel Kicillof, aunque a\u00fan no decidieron si ser\u00e1 bajo una misma lista o ir\u00e1n a una PASO. De todas formas, todos los gestos ser\u00e1n puertas adentro y no proyectan actos juntos. \u201cSimb\u00f3licamente no nos conviene\u201d, dicen los violetas. Los amarillos, reacios a una fusi\u00f3n en el sentido que impulsa Patricia Bullrich, coinciden.<\/p>\n<p style=\"text-align: justify;\">La estrategia del Gobierno es blindar el apoyo de PRO hasta el a\u00f1o que viene, d\u00e1ndoles lo m\u00ednimo indispensable. Y convencer a las fuerzas provinciales y a los diputados \u201csueltos\u201d de que tambi\u00e9n los acompa\u00f1en, con negociaciones uno por uno, cada vez, para conseguir los \u201cochenta y pico\u201d que necesitan para evitar que los duros alcancen los dos tercios. Estas dificultades, dicen, se terminar\u00e1n el 10 de diciembre de 2025. Eso, si el plan econ\u00f3mico funciona.<\/p>\n<p style=\"text-align: justify;\">Fuente: Infobae.com<\/p>\n","protected":false},"excerpt":{"rendered":"<div class=\"mh-excerpt\"><p>Cristian Ritondo y Mart\u00edn Menem dieron por terminada la puja por ese lugar clave. Fue luego del acuerdo para que Macri nombre a una funcionaria <a class=\"mh-excerpt-more\" href=\"https:\/\/primiciasclorinda.com\/?p=34597\" title=\"La Libertad Avanza y PRO cierran la larga disputa por la Presidencia de Diputados y discuten la estrategia bonaerense\">[&#8230;]<\/a><\/p>\n<\/div>","protected":false},"author":3,"featured_media":34598,"comment_status":"open","ping_status":"open","sticky":false,"template":"","format":"standard","meta":{"footnotes":""},"categories":[3],"tags":[4277,1066],"class_list":["post-34597","post","type-post","status-publish","format-standard","has-post-thumbnail","hentry","category-politica-economia","tag-libertad-avanza","tag-pro"],"_links":{"self":[{"href":"https:\/\/primiciasclorinda.com\/index.php?rest_route=\/wp\/v2\/posts\/34597","targetHints":{"allow":["GET"]}}],"collection":[{"href":"https:\/\/primiciasclorinda.com\/index.php?rest_route=\/wp\/v2\/posts"}],"about":[{"href":"https:\/\/primiciasclorinda.com\/index.php?rest_route=\/wp\/v2\/types\/post"}],"author":[{"embeddable":true,"href":"https:\/\/primiciasclorinda.com\/index.php?rest_route=\/wp\/v2\/users\/3"}],"replies":[{"embeddable":true,"href":"https:\/\/primiciasclorinda.com\/index.php?rest_route=%2Fwp%2Fv2%2Fcomments&post=34597"}],"version-history":[{"count":1,"href":"https:\/\/primiciasclorinda.com\/index.php?rest_route=\/wp\/v2\/posts\/34597\/revisions"}],"predecessor-version":[{"id":34599,"href":"https:\/\/primiciasclorinda.com\/index.php?rest_route=\/wp\/v2\/posts\/34597\/revisions\/34599"}],"wp:featuredmedia":[{"embeddable":true,"href":"https:\/\/primiciasclorinda.com\/index.php?rest_route=\/wp\/v2\/media\/34598"}],"wp:attachment":[{"href":"https:\/\/primiciasclorinda.com\/index.php?rest_route=%2Fwp%2Fv2%2Fmedia&parent=34597"}],"wp:term":[{"taxonomy":"category","embeddable":true,"href":"https:\/\/primiciasclorinda.com\/index.php?rest_route=%2Fwp%2Fv2%2Fcategories&post=34597"},{"taxonomy":"post_tag","embeddable":true,"href":"https:\/\/primiciasclorinda.com\/index.php?rest_route=%2Fwp%2Fv2%2Ftags&post=34597"}],"curies":[{"name":"wp","href":"https:\/\/api.w.org\/{rel}","templated":true}]}}