{"id":34485,"date":"2024-09-20T08:25:43","date_gmt":"2024-09-20T11:25:43","guid":{"rendered":"http:\/\/primiciasclorinda.com\/?p=34485"},"modified":"2024-09-21T08:26:54","modified_gmt":"2024-09-21T11:26:54","slug":"insfran-firmo-el-tratado-de-integracion-de-la-region-litoral","status":"publish","type":"post","link":"https:\/\/primiciasclorinda.com\/?p=34485","title":{"rendered":"Insfr\u00e1n firm\u00f3 el \u201cTratado de Integraci\u00f3n de la Regi\u00f3n Litoral\u201d"},"content":{"rendered":"<p style=\"text-align: justify;\">En la ciudad correntina de Bella Vista, el gobernador de la provincia de Formosa, el doctor Gildo Insfr\u00e1n, junto a sus pares de las provincias de Corrientes, Santa Fe, Chaco, Entre R\u00edos y Misiones, firmaron este jueves 19 el \u201cTratado de Integraci\u00f3n de la Regi\u00f3n Litoral\u201d, que tiene por objetivo unificar estrategias conjuntas entre las provincias, con una mirada federal.<\/p>\n<p style=\"text-align: justify;\">En su alocuci\u00f3n durante el acto desarrollado en horas de la tarde, Insfr\u00e1n enfatiz\u00f3 en que \u201cel puerto de Buenos Aires nunca mir\u00f3 hacia el interior del pa\u00eds, y en este momento es todav\u00eda peor. Pero, nosotros, desde aqu\u00ed, desde el Litoral, vamos a hacer escuchar nuestras voces\u201d, subray\u00f3 categ\u00f3rico.<\/p>\n<p style=\"text-align: justify;\">Sostuvo tambi\u00e9n que \u201cno importa de qu\u00e9 partido venimos, hay algo que nos une: luchar por nuestras provincias y por el verdadero federalismo\u201d.<\/p>\n<p style=\"text-align: justify;\">Mientras que en el comienzo de su discurso, agradeci\u00f3 al gobernador de Corrientes, Gustavo Vald\u00e9s, por la convocatoria, as\u00ed como a la intendenta de Bella Vista, Noelia Bazzi.<\/p>\n<p style=\"text-align: justify;\">Incluso, hizo notar que para \u00e9l estar all\u00ed lo hac\u00eda sentir como en su casa, porque record\u00f3 que tuvo \u201cel honor y orgullo de estudiar en Corrientes, en \u00e9pocas dif\u00edciles, pero que, sin embargo, \u201cla amabilidad y la cordialidad de su gente\u201d le hac\u00edan sentir eso hasta ahora.<\/p>\n<p style=\"text-align: justify;\">Y sobre lo firmado en la ciudad de Bella Vista, que el a\u00f1o que viene cumplir\u00e1 200 a\u00f1os, el mandatario trajo a colaci\u00f3n que se dio en la mejor fecha porque este 19 de septiembre fue el D\u00eda Nacional del Chamam\u00e9 en homenaje al \u201cTaita del chamam\u00e9\u201d, Don Mario del Tr\u00e1nsito Cocomarola, \u201cas\u00ed que la fecha mejor no puede ser\u201d.<\/p>\n","protected":false},"excerpt":{"rendered":"<div class=\"mh-excerpt\"><p>En la ciudad correntina de Bella Vista, el gobernador de la provincia de Formosa, el doctor Gildo Insfr\u00e1n, junto a sus pares de las provincias <a class=\"mh-excerpt-more\" href=\"https:\/\/primiciasclorinda.com\/?p=34485\" title=\"Insfr\u00e1n firm\u00f3 el \u201cTratado de Integraci\u00f3n de la Regi\u00f3n Litoral\u201d\">[&#8230;]<\/a><\/p>\n<\/div>","protected":false},"author":3,"featured_media":0,"comment_status":"open","ping_status":"open","sticky":false,"template":"","format":"standard","meta":{"footnotes":""},"categories":[4,3],"tags":[18],"class_list":["post-34485","post","type-post","status-publish","format-standard","hentry","category-informacion-general","category-politica-economia","tag-gildo-insfran"],"_links":{"self":[{"href":"https:\/\/primiciasclorinda.com\/index.php?rest_route=\/wp\/v2\/posts\/34485","targetHints":{"allow":["GET"]}}],"collection":[{"href":"https:\/\/primiciasclorinda.com\/index.php?rest_route=\/wp\/v2\/posts"}],"about":[{"href":"https:\/\/primiciasclorinda.com\/index.php?rest_route=\/wp\/v2\/types\/post"}],"author":[{"embeddable":true,"href":"https:\/\/primiciasclorinda.com\/index.php?rest_route=\/wp\/v2\/users\/3"}],"replies":[{"embeddable":true,"href":"https:\/\/primiciasclorinda.com\/index.php?rest_route=%2Fwp%2Fv2%2Fcomments&post=34485"}],"version-history":[{"count":1,"href":"https:\/\/primiciasclorinda.com\/index.php?rest_route=\/wp\/v2\/posts\/34485\/revisions"}],"predecessor-version":[{"id":34487,"href":"https:\/\/primiciasclorinda.com\/index.php?rest_route=\/wp\/v2\/posts\/34485\/revisions\/34487"}],"wp:attachment":[{"href":"https:\/\/primiciasclorinda.com\/index.php?rest_route=%2Fwp%2Fv2%2Fmedia&parent=34485"}],"wp:term":[{"taxonomy":"category","embeddable":true,"href":"https:\/\/primiciasclorinda.com\/index.php?rest_route=%2Fwp%2Fv2%2Fcategories&post=34485"},{"taxonomy":"post_tag","embeddable":true,"href":"https:\/\/primiciasclorinda.com\/index.php?rest_route=%2Fwp%2Fv2%2Ftags&post=34485"}],"curies":[{"name":"wp","href":"https:\/\/api.w.org\/{rel}","templated":true}]}}