{"id":34477,"date":"2024-09-21T07:15:28","date_gmt":"2024-09-21T10:15:28","guid":{"rendered":"http:\/\/primiciasclorinda.com\/?p=34477"},"modified":"2024-09-21T07:15:28","modified_gmt":"2024-09-21T10:15:28","slug":"las-probables-formaciones-de-boca-juniors-y-river-plate-en-el-superclasico-que-se-jugara-en-la-bombonera","status":"publish","type":"post","link":"https:\/\/primiciasclorinda.com\/?p=34477","title":{"rendered":"Las probables formaciones de Boca Juniors y River Plate en el Supercl\u00e1sico que se jugar\u00e1 en la Bombonera"},"content":{"rendered":"<p style=\"text-align: justify;\">El Xeneize y el Millonario se ver\u00e1n las caras, desde las 16, en el Alberto J. Armando.<\/p>\n<p>Con dos realidades diferentes, pero con un clima de m\u00e1xima tensi\u00f3n, Boca Juniors y River Plate se preparan para un nuevo Supercl\u00e1sico, el partido m\u00e1s trascendental del f\u00fatbol argentino. Desde las 16, La Bombonera ser\u00e1 el escenario de este choque v\u00e1lido por la fecha 15 de la Liga Profesional, donde ambos equipos intentar\u00e1n sumar tres puntos vitales para encaminar su presente en el torneo local y arrimarse a la cima (ambos ostentan 21 puntos, nueve menos que el l\u00edder V\u00e9lez). El \u00e1rbitro para el encuentro ser\u00e1 Nicol\u00e1s Ram\u00edrez.<\/p>\n<p style=\"text-align: justify;\">El Xeneize llega al encuentro inmerso en un momento cr\u00edtico. Tras la eliminaci\u00f3n temprana en la Copa Sudamericana y la reciente derrota 2-1 frente a Racing, el futuro del entrenador Diego Mart\u00ednez pende de un hilo pese a seguir con vida en la Copa Argentina (elimin\u00f3 a Talleres por penales y en cuartos se las ver\u00e1 con Gimnasia y Esgrima La Plata). Con Boca ocupando el 10\u00ba puesto en la tabla con 21 puntos, el t\u00e9cnico sabe que una nueva ca\u00edda podr\u00eda complicar su futuro.<\/p>\n<p style=\"text-align: justify;\">En cuanto a la formaci\u00f3n, el entrenador mantiene el misterio, aunque se espera la recuperaci\u00f3n de tres jugadores clave: Luis Adv\u00edncula (super\u00f3 una molestia en el tend\u00f3n de Aquiles), Marcos Rojo (lesi\u00f3n muscular) y Edinson Cavani (dej\u00f3 atr\u00e1s un desgarro en el s\u00f3leo que lo mantuvo fuera de las canchas desde los octavos de final de la Copa Sudamericana).<\/p>\n<p style=\"text-align: justify;\">Sin embargo, el DT a\u00fan debe resolver una duda crucial en la alineaci\u00f3n: el und\u00e9cimo hombre. Mart\u00ednez baraja dos alternativas: incluir al juvenil Aaron Anselmino en defensa para formar una l\u00ednea de cinco o reforzar el mediocampo con otro volante. Entre las opciones para esta \u00faltima posibilidad sobresalen Jabes Saralegui y Ignacio Miram\u00f3n.<\/p>\n<p style=\"text-align: justify;\">En el otro rinc\u00f3n, River llega al Supercl\u00e1sico en una posici\u00f3n similar en la tabla, ocupando el 9\u00ba lugar con los mismos puntos que Boca pero con mejor diferencia de gol. No obstante, el contexto en el que se encuentra el equipo de Marcelo Gallardo es distinto, ya que viene de golear a Atl\u00e9tico Tucum\u00e1n en el Monumental y se encuentran en plena disputa de los cuartos de final de la Copa Libertadores, tras empatar 1-1 ante Colo Colo en el partido de ida en Chile.<\/p>\n<p style=\"text-align: justify;\">El Mu\u00f1eco dej\u00f3 en claro que la decisi\u00f3n final sobre la alineaci\u00f3n se tomar\u00e1 en las horas previas al partido, dado el poco tiempo de recuperaci\u00f3n entre ambos encuentros. Adem\u00e1s, el t\u00e9cnico no quiere arriesgar a jugadores importantes, teniendo en cuenta que tres d\u00edas despu\u00e9s se definir\u00e1 la serie copera contra los de Jorge Almir\u00f3n.<\/p>\n<p style=\"text-align: justify;\">Pese a esto, hay indicios de que Franco Armani y Paulo D\u00edaz ser\u00e1n titulares en La Bombonera. El defensor chileno, que fue expulsado ante Colo Colo y no podr\u00e1 jugar el partido de vuelta, podr\u00eda tener minutos en el Supercl\u00e1sico. Por su parte, el cuerpo t\u00e9cnico evaluar\u00e1 hasta \u00faltimo momento la condici\u00f3n f\u00edsica de Mat\u00edas Kranevitter y Fabricio Bustos, quienes terminaron con molestias tras el encuentro en Chile. Maxi Meza, por su parte, qued\u00f3 afuera del encuentro tras quedar tocado del choque ante el Cacique.<\/p>\n<p style=\"text-align: justify;\">Probables formaciones de Boca Juniors y River Plate de cara al Supercl\u00e1sico:<\/p>\n<p style=\"text-align: justify;\">Boca Juniors: Sergio Romero, Luis Adv\u00edncula, Cristian Lema, Marcos Rojo, Lautaro Blanco; Ignacio Miram\u00f3n, Pol Fern\u00e1ndez, Cristian Medina, Kevin Zen\u00f3n; Miguel Merentiel y Edinson Cavani. DT: Diego Mart\u00ednez.<\/p>\n<p style=\"text-align: justify;\">River Plate: Franco Armani; Milton Casco, Fderico Gattoni, Paulo D\u00edaz, Enzo D\u00edaz; Rodrigo Villagra, Nicol\u00e1s Fonseca; Manuel Lanzini, Franco Mastantuono; Facundo Colidio y Adam Bareiro. DT: Marcelo Gallardo.<\/p>\n","protected":false},"excerpt":{"rendered":"<div class=\"mh-excerpt\"><p>El Xeneize y el Millonario se ver\u00e1n las caras, desde las 16, en el Alberto J. Armando. Con dos realidades diferentes, pero con un clima <a class=\"mh-excerpt-more\" href=\"https:\/\/primiciasclorinda.com\/?p=34477\" title=\"Las probables formaciones de Boca Juniors y River Plate en el Supercl\u00e1sico que se jugar\u00e1 en la Bombonera\">[&#8230;]<\/a><\/p>\n<\/div>","protected":false},"author":3,"featured_media":0,"comment_status":"open","ping_status":"open","sticky":false,"template":"","format":"standard","meta":{"footnotes":""},"categories":[5],"tags":[1307,1308,3994],"class_list":["post-34477","post","type-post","status-publish","format-standard","hentry","category-deportes","tag-boca","tag-river","tag-super-clasico"],"_links":{"self":[{"href":"https:\/\/primiciasclorinda.com\/index.php?rest_route=\/wp\/v2\/posts\/34477","targetHints":{"allow":["GET"]}}],"collection":[{"href":"https:\/\/primiciasclorinda.com\/index.php?rest_route=\/wp\/v2\/posts"}],"about":[{"href":"https:\/\/primiciasclorinda.com\/index.php?rest_route=\/wp\/v2\/types\/post"}],"author":[{"embeddable":true,"href":"https:\/\/primiciasclorinda.com\/index.php?rest_route=\/wp\/v2\/users\/3"}],"replies":[{"embeddable":true,"href":"https:\/\/primiciasclorinda.com\/index.php?rest_route=%2Fwp%2Fv2%2Fcomments&post=34477"}],"version-history":[{"count":1,"href":"https:\/\/primiciasclorinda.com\/index.php?rest_route=\/wp\/v2\/posts\/34477\/revisions"}],"predecessor-version":[{"id":34479,"href":"https:\/\/primiciasclorinda.com\/index.php?rest_route=\/wp\/v2\/posts\/34477\/revisions\/34479"}],"wp:attachment":[{"href":"https:\/\/primiciasclorinda.com\/index.php?rest_route=%2Fwp%2Fv2%2Fmedia&parent=34477"}],"wp:term":[{"taxonomy":"category","embeddable":true,"href":"https:\/\/primiciasclorinda.com\/index.php?rest_route=%2Fwp%2Fv2%2Fcategories&post=34477"},{"taxonomy":"post_tag","embeddable":true,"href":"https:\/\/primiciasclorinda.com\/index.php?rest_route=%2Fwp%2Fv2%2Ftags&post=34477"}],"curies":[{"name":"wp","href":"https:\/\/api.w.org\/{rel}","templated":true}]}}