{"id":34471,"date":"2024-09-21T07:11:05","date_gmt":"2024-09-21T10:11:05","guid":{"rendered":"http:\/\/primiciasclorinda.com\/?p=34471"},"modified":"2024-09-21T07:27:42","modified_gmt":"2024-09-21T10:27:42","slug":"estamos-convencidos-que-las-pequenas-y-medianas-empresas-son-el-motor-de-la-economia-de-formosa-sostuvo-ibanez","status":"publish","type":"post","link":"https:\/\/primiciasclorinda.com\/?p=34471","title":{"rendered":"\u201cEstamos convencidos que las peque\u00f1as y medianas empresas son el motor de la econom\u00eda de Formosa\u201d, sostuvo Ib\u00e1\u00f1ez"},"content":{"rendered":"<p style=\"text-align: justify;\">En el marco del conversatorio \u201cDesaf\u00edos y estrategias de desarrollo PyME en tiempos de crisis\u201d, que inici\u00f3 este viernes 20 y contin\u00faa en la jornada del s\u00e1bado, en el Galp\u00f3n \u201cG\u201d del Paseo Costanero de la ciudad de Formosa, el ministro de Hacienda, Econom\u00eda y Finanzas, Jorge Ib\u00e1\u00f1ez, destac\u00f3 el papel de las PyMEs en la econom\u00eda local.<\/p>\n<p style=\"text-align: justify;\">Vale recordar que este evento est\u00e1 organizado por la C\u00e1mara Argentina de la Mediana Empresa (CAME) y el Ministerio de Econom\u00eda, Hacienda y Finanzas del Gobierno provincial.<\/p>\n<p style=\"text-align: justify;\">Al respecto, Ib\u00e1\u00f1ez expres\u00f3 que \u201ces un orgullo que la CAME eligiera nuestra provincia para sesionar\u201d, marcando que disertar\u00e1n representantes del Gobierno de la provincia, economistas de Buenos Aires, especialistas en econom\u00eda familiar y m\u00e1s profesionales de la econom\u00eda.<\/p>\n<p style=\"text-align: justify;\">\u201cNosotros estamos convencidos que las peque\u00f1as y las medianas empresas son el motor de la econom\u00eda de Formosa\u201d, subray\u00f3, mencionando que este conversatorio est\u00e1 exclusivamente dirigido a ellos.<\/p>\n<p style=\"text-align: justify;\">En ese sentido, lament\u00f3 que las PyMEs no est\u00e1n incluidas en las pol\u00edticas del Gobierno nacional, ni siquiera en las del presupuesto 2025. \u201cNo existen para ellos\u201d, marc\u00f3, en referencia a la gesti\u00f3n del presidente Javier Milei, a\u00f1adiendo que \u201csi lo escuchamos al se\u00f1or Presidente hablando ante el Congreso cuando entrega el presupuesto y en otras disertaciones que ha hecho jam\u00e1s lo he escuchado hablar de las PyMes\u201d.<\/p>\n<p style=\"text-align: justify;\">Asimismo, se\u00f1al\u00f3 que \u201ctambi\u00e9n hay cosas m\u00e1s graves, como abrir las importaciones de las cosas que fabrican; y eso ser\u00e1 lo que vamos a tratar en ambas jornadas\u201d, dijo en referencia a las decisiones pol\u00edticas del Gobierno nacional.<\/p>\n<p style=\"text-align: justify;\">Ib\u00e1\u00f1ez tambi\u00e9n se refiri\u00f3 a la reuni\u00f3n que mantuvo la CAME con Insfr\u00e1n en la ma\u00f1ana de este viernes, resaltando que \u201cel Gobernador expres\u00f3 su apoyo hacia los proyectos de ley PyMEs, de la que charlaron\u201d.<\/p>\n<p style=\"text-align: justify;\">Adem\u00e1s, puntualiz\u00f3 que \u201cm\u00e1s del 70% de la mano de obra que se genera en la Argentina son por las PyMEs, y si nosotros abrimos la importaci\u00f3n indiscriminada de los productos que van a venir del sudeste asi\u00e1tico o de donde fuere, van a quebrar\u201d.<\/p>\n<p style=\"text-align: justify;\">Respecto al Presupuesto 2025 presentando por Javier Milei, el Ministro reflexion\u00f3 en qu\u00e9 \u201clo m\u00e1s grave es que no contempla cosas muy importantes como un plan de obras p\u00fablicas para las provincias de Argentina, tampoco mejoras para los docentes, nada para los jubilados, ni el transporte p\u00fablico de pasajeros que en este pa\u00eds que debe ser subsidiado\u201d, concluy\u00f3.<\/p>\n","protected":false},"excerpt":{"rendered":"<div class=\"mh-excerpt\"><p>En el marco del conversatorio \u201cDesaf\u00edos y estrategias de desarrollo PyME en tiempos de crisis\u201d, que inici\u00f3 este viernes 20 y contin\u00faa en la jornada <a class=\"mh-excerpt-more\" href=\"https:\/\/primiciasclorinda.com\/?p=34471\" title=\"\u201cEstamos convencidos que las peque\u00f1as y medianas empresas son el motor de la econom\u00eda de Formosa\u201d, sostuvo Ib\u00e1\u00f1ez\">[&#8230;]<\/a><\/p>\n<\/div>","protected":false},"author":3,"featured_media":34483,"comment_status":"open","ping_status":"open","sticky":false,"template":"","format":"standard","meta":{"footnotes":""},"categories":[4,3],"tags":[23,2358],"class_list":["post-34471","post","type-post","status-publish","format-standard","has-post-thumbnail","hentry","category-informacion-general","category-politica-economia","tag-formosa","tag-pymes"],"_links":{"self":[{"href":"https:\/\/primiciasclorinda.com\/index.php?rest_route=\/wp\/v2\/posts\/34471","targetHints":{"allow":["GET"]}}],"collection":[{"href":"https:\/\/primiciasclorinda.com\/index.php?rest_route=\/wp\/v2\/posts"}],"about":[{"href":"https:\/\/primiciasclorinda.com\/index.php?rest_route=\/wp\/v2\/types\/post"}],"author":[{"embeddable":true,"href":"https:\/\/primiciasclorinda.com\/index.php?rest_route=\/wp\/v2\/users\/3"}],"replies":[{"embeddable":true,"href":"https:\/\/primiciasclorinda.com\/index.php?rest_route=%2Fwp%2Fv2%2Fcomments&post=34471"}],"version-history":[{"count":1,"href":"https:\/\/primiciasclorinda.com\/index.php?rest_route=\/wp\/v2\/posts\/34471\/revisions"}],"predecessor-version":[{"id":34472,"href":"https:\/\/primiciasclorinda.com\/index.php?rest_route=\/wp\/v2\/posts\/34471\/revisions\/34472"}],"wp:featuredmedia":[{"embeddable":true,"href":"https:\/\/primiciasclorinda.com\/index.php?rest_route=\/wp\/v2\/media\/34483"}],"wp:attachment":[{"href":"https:\/\/primiciasclorinda.com\/index.php?rest_route=%2Fwp%2Fv2%2Fmedia&parent=34471"}],"wp:term":[{"taxonomy":"category","embeddable":true,"href":"https:\/\/primiciasclorinda.com\/index.php?rest_route=%2Fwp%2Fv2%2Fcategories&post=34471"},{"taxonomy":"post_tag","embeddable":true,"href":"https:\/\/primiciasclorinda.com\/index.php?rest_route=%2Fwp%2Fv2%2Ftags&post=34471"}],"curies":[{"name":"wp","href":"https:\/\/api.w.org\/{rel}","templated":true}]}}