{"id":34419,"date":"2024-09-07T12:09:53","date_gmt":"2024-09-07T15:09:53","guid":{"rendered":"http:\/\/primiciasclorinda.com\/?p=34419"},"modified":"2024-09-07T12:09:53","modified_gmt":"2024-09-07T15:09:53","slug":"bordon-es-una-lastima-que-basualdo-ahora-salga-a-descalificar-y-decir-barbaridades","status":"publish","type":"post","link":"https:\/\/primiciasclorinda.com\/?p=34419","title":{"rendered":"Bord\u00f3n: \u201cEs una l\u00e1stima que Basualdo ahora salga a descalificar y decir barbaridades\u201d"},"content":{"rendered":"<p style=\"text-align: justify;\">Juli\u00e1n Bord\u00f3n, intendente de Villa General G\u00fcemes, en di\u00e1logo con esta Agencia de Noticias Formosa (AGENFOR), se refiri\u00f3 a las declaraciones de su par de Las Lomitas, Atilio Basualdo, quien descalific\u00f3 al gobernador de Formosa, Gildo Insfr\u00e1n.<\/p>\n<p style=\"text-align: justify;\">En este marco Bord\u00f3n se diferenci\u00f3 y destac\u00f3 cada una de las obras que gestion\u00f3 el primer mandatario, para su localidad, pero tambi\u00e9n para cada una de las del territorio provincial.<\/p>\n<p style=\"text-align: justify;\">Expres\u00f3 que \u201ces una l\u00e1stima, que personas como este se\u00f1or Atilio Basualdo, lo quiero decir con nombre y apellido, despu\u00e9s de tantas obras que ha hecho el Gobernador, ahora salga a descalificar, y a decir barbaridades\u201d.<\/p>\n<p style=\"text-align: justify;\">Y sigui\u00f3: \u201cPide la intervenci\u00f3n de la provincia, de la Justicia, habla de la Polic\u00eda\u201d, se\u00f1alando que \u201cda mucha tristeza y es un compa\u00f1ero que traicion\u00f3 porque, en definitiva, ya no est\u00e1 de acuerdo con las ideas que se llevan adelante con nuestro conductor, el doctor Insfr\u00e1n\u201d.<\/p>\n<p style=\"text-align: justify;\">De este modo, asegur\u00f3 que \u201cnosotros estamos contenidos y en contacto permanente con \u00e9l (Insfr\u00e1n)\u201d, destacando \u201cel progreso que han tenido los pueblos a lo largo y ancho de la provincia con su gesti\u00f3n\u201d.<\/p>\n<p style=\"text-align: justify;\">Por eso, Bord\u00f3n afirm\u00f3 que \u201ces muy valorable y lo vamos a seguir defendiendo de este tipo de ataques hechos por Basualdo, intendente de Las Lomitas\u201d.<\/p>\n<p style=\"text-align: justify;\">Asimismo, aclar\u00f3 que \u201cyo no tengo nada personal con \u00e9l, pero este tipo de ideas que est\u00e1 llevando adelante no le hacen bien a la democracia\u201d, dijo, refiri\u00e9ndose a Basualdo.<\/p>\n<p style=\"text-align: justify;\">Cuestion\u00f3 tambi\u00e9n que \u201cno s\u00e9 cu\u00e1l ser\u00e1 el reclamo, porque que yo sepa es su tercer mandato y no le ha ido mal en su gesti\u00f3n, pero se olvida r\u00e1pidamente de todo lo que le dio el Gobernador para que Las Lomitas crezca en infraestructura\u201d, y resalt\u00f3 que \u201cInsfr\u00e1n le ha dado un impulso importante en todos los sentidos, a trav\u00e9s de los remates, del Instituto PAIPPA y m\u00e1s\u201d.<\/p>\n<p style=\"text-align: justify;\">Para finalizar, el jefe comunal de G\u00fcemes dej\u00f3 en claro que, el titular del Poder Ejecutivo de la provincia \u201csiempre ha respondido a las necesidades de los pueblos de manera equitativa\u201d.<\/p>\n","protected":false},"excerpt":{"rendered":"<div class=\"mh-excerpt\"><p>Juli\u00e1n Bord\u00f3n, intendente de Villa General G\u00fcemes, en di\u00e1logo con esta Agencia de Noticias Formosa (AGENFOR), se refiri\u00f3 a las declaraciones de su par de <a class=\"mh-excerpt-more\" href=\"https:\/\/primiciasclorinda.com\/?p=34419\" title=\"Bord\u00f3n: \u201cEs una l\u00e1stima que Basualdo ahora salga a descalificar y decir barbaridades\u201d\">[&#8230;]<\/a><\/p>\n<\/div>","protected":false},"author":3,"featured_media":0,"comment_status":"open","ping_status":"open","sticky":false,"template":"","format":"standard","meta":{"footnotes":""},"categories":[8,3],"tags":[4385,4386],"class_list":["post-34419","post","type-post","status-publish","format-standard","hentry","category-interior","category-politica-economia","tag-julian-bordon","tag-villa-general-guemes"],"_links":{"self":[{"href":"https:\/\/primiciasclorinda.com\/index.php?rest_route=\/wp\/v2\/posts\/34419","targetHints":{"allow":["GET"]}}],"collection":[{"href":"https:\/\/primiciasclorinda.com\/index.php?rest_route=\/wp\/v2\/posts"}],"about":[{"href":"https:\/\/primiciasclorinda.com\/index.php?rest_route=\/wp\/v2\/types\/post"}],"author":[{"embeddable":true,"href":"https:\/\/primiciasclorinda.com\/index.php?rest_route=\/wp\/v2\/users\/3"}],"replies":[{"embeddable":true,"href":"https:\/\/primiciasclorinda.com\/index.php?rest_route=%2Fwp%2Fv2%2Fcomments&post=34419"}],"version-history":[{"count":1,"href":"https:\/\/primiciasclorinda.com\/index.php?rest_route=\/wp\/v2\/posts\/34419\/revisions"}],"predecessor-version":[{"id":34421,"href":"https:\/\/primiciasclorinda.com\/index.php?rest_route=\/wp\/v2\/posts\/34419\/revisions\/34421"}],"wp:attachment":[{"href":"https:\/\/primiciasclorinda.com\/index.php?rest_route=%2Fwp%2Fv2%2Fmedia&parent=34419"}],"wp:term":[{"taxonomy":"category","embeddable":true,"href":"https:\/\/primiciasclorinda.com\/index.php?rest_route=%2Fwp%2Fv2%2Fcategories&post=34419"},{"taxonomy":"post_tag","embeddable":true,"href":"https:\/\/primiciasclorinda.com\/index.php?rest_route=%2Fwp%2Fv2%2Ftags&post=34419"}],"curies":[{"name":"wp","href":"https:\/\/api.w.org\/{rel}","templated":true}]}}