{"id":34341,"date":"2024-08-19T10:34:52","date_gmt":"2024-08-19T13:34:52","guid":{"rendered":"http:\/\/primiciasclorinda.com\/?p=34341"},"modified":"2024-08-19T10:34:52","modified_gmt":"2024-08-19T13:34:52","slug":"formosa-realizo-la-2-jornada-internacional-sobre-autismo","status":"publish","type":"post","link":"https:\/\/primiciasclorinda.com\/?p=34341","title":{"rendered":"Formosa realiz\u00f3 la 2\u00b0 Jornada Internacional sobre Autismo"},"content":{"rendered":"<p style=\"text-align: justify;\">Este domingo 18 de agosto se desarroll\u00f3 en la ciudad capital la 2\u00b0 Jornada Internacional sobre Autismo, organizada por la Asociaci\u00f3n \u201cCamino Azul\u201d TEA Formosa y auspiciada por el Gobierno provincial.<\/p>\n<p style=\"text-align: justify;\">Se llev\u00f3 a cabo en las instalaciones del Estado Centenario y estuvieron presentes el subsecretario de Educaci\u00f3n, Luis Ram\u00edrez M\u00e9ndez; la presidente de \u201cCamino Azul\u201d, Florencia Santa Cruz; las diputadas provinciales por el Partido Justicialista Yanina Insfr\u00e1n, Viviana Guzm\u00e1n y Cristina Mirassou; el jefe de Educaci\u00f3n Especial, Gustavo Miers; al igual que docentes, padres y p\u00fablico en general.<\/p>\n<p style=\"text-align: justify;\">Cont\u00f3 con las disertaciones del doctor Jos\u00e9 Luis Cuesta G\u00f3mez, de la Universidad de Burgos-Espa\u00f1a, y con la del licenciado Germ\u00e1n Oviedo, coordinador de Cedes Kaizen de Santiago del Estero, grupo compuesto por profesionales implicados en las pr\u00e1cticas del desarrollo de los procesos psico-educativos.<\/p>\n<p style=\"text-align: justify;\">Al respecto, la Agencia de Noticias Formosa (AGENFOR) dialog\u00f3 con Santa Cruz, quien inform\u00f3 que la realizaci\u00f3n del evento coincidi\u00f3 \u201ccon la celebraci\u00f3n de dos a\u00f1os de la aprobaci\u00f3n de nuestra ley\u201d, en referencia a la adhesi\u00f3n de la provincia de Formosa a la Ley de Autismo 27.043 en el a\u00f1o 2022.<\/p>\n<p style=\"text-align: justify;\">Lament\u00f3 al referir que \u201chay provincias que todav\u00eda no logran la esta adhesi\u00f3n\u201d y valor\u00f3 que Formosa s\u00ed lo haya hecho, ya que esto significa \u201cun empuj\u00f3n para los padres para seguir trabajando en equipo, porque como asociaci\u00f3n es imposible que podamos lograr much\u00edsimas cosas, siempre necesitamos trabajar con el Gobierno, como por ejemplo esta jornada, que no hubiese sido posible sin su acompa\u00f1amiento\u201d.<\/p>\n<p style=\"text-align: justify;\">En esa l\u00ednea, brevemente, repas\u00f3 que los ejes fundamentales de la ley son \u201cpromulgar el autismo, concientizar, realizar charlas, acompa\u00f1ar a las familias, que es lo que estamos haciendo en este caso\u201d.<\/p>\n<p style=\"text-align: justify;\">A su vez, puso en resalto que esta capacitaci\u00f3n \u201ces de suma importancia para las familias, docentes y p\u00fablico en general\u201d.<\/p>\n<p style=\"text-align: justify;\">A su turno, el disertante Cuesta subray\u00f3 que \u201ces importante una vez m\u00e1s hablar de autismo, porque estamos hablando de una discapacidad que cada d\u00eda va creciendo m\u00e1s y que tiene un impacto social importante\u201d.<\/p>\n<p style=\"text-align: justify;\">\u201cCuando hacemos una jornada como esta, implicamos a las familias, pues es preciso que se vean acompa\u00f1adas en todo este proceso de asumir el diagn\u00f3stico en sus hijos y poder tener pautas para contribuir a su desarrollo, entendiendo que la colaboraci\u00f3n entre familias y profesionales es fundamental\u201d, a\u00f1adi\u00f3.<\/p>\n<p style=\"text-align: justify;\">Adem\u00e1s, explic\u00f3 que \u201cun poco la investigaci\u00f3n de hoy nos est\u00e1 hablando de que hay un componente gen\u00e9tico vinculado al autismo, pero se presupone que quiz\u00e1s haya alg\u00fan factor ambiental o factores ambientales que puedan aparecer vinculados a la predisposici\u00f3n gen\u00e9tica que est\u00e1 generando este aumento tan espectacular en los \u00faltimos a\u00f1os, aunque, hasta el momento, a\u00fan se desconocen cu\u00e1les son\u201d.<\/p>\n<p style=\"text-align: justify;\">Respecto del o de los desaf\u00edos a los cuales se enfrenta una familia con un integrante con autismo, el doctor esboz\u00f3 que el m\u00e1s importante \u201ces garantizar un buen futuro, lo cual pasa por contar con recursos y apoyos que acompa\u00f1en en todas las necesidades a lo largo del ciclo vital\u201d.<\/p>\n<p style=\"text-align: justify;\">En este punto, aclar\u00f3 que \u201chay personas con autismo y discapacidad intelectual que van a requerir ayudas e intervenciones a lo largo del ciclo vital, pero pueden tener una buena calidad de vida y capacidad de aprender\u201d.<\/p>\n<p style=\"text-align: justify;\">Es por ello que valor\u00f3 el hecho de que la provincia cuente con estas jornadas de autismo de manera abierta y gratuita, porque \u201cla formaci\u00f3n y la sensibilizaci\u00f3n tienen que llegar a todos los sectores sociales y hay muchas personas vulnerables que no tienen acceso a estos recursos\u201d.<\/p>\n<p style=\"text-align: justify;\">Por \u00faltimo, la legisladora provincial Guzm\u00e1n, quien es doctora, realz\u00f3 que la sociedad formose\u00f1a \u201ctrabaja para esto y para estas jornadas tan importantes en donde se da un momento de escucha, de aprendizaje y de acompa\u00f1amiento\u201d.<\/p>\n<p style=\"text-align: justify;\">Y para cerrar, agreg\u00f3 que \u201choy decimos s\u00ed, hoy venimos a capacitarnos, a escuchar a esos profesionales\u201d.<\/p>\n","protected":false},"excerpt":{"rendered":"<div class=\"mh-excerpt\"><p>Este domingo 18 de agosto se desarroll\u00f3 en la ciudad capital la 2\u00b0 Jornada Internacional sobre Autismo, organizada por la Asociaci\u00f3n \u201cCamino Azul\u201d TEA Formosa <a class=\"mh-excerpt-more\" href=\"https:\/\/primiciasclorinda.com\/?p=34341\" title=\"Formosa realiz\u00f3 la 2\u00b0 Jornada Internacional sobre Autismo\">[&#8230;]<\/a><\/p>\n<\/div>","protected":false},"author":3,"featured_media":0,"comment_status":"open","ping_status":"open","sticky":false,"template":"","format":"standard","meta":{"footnotes":""},"categories":[3],"tags":[2109,4377],"class_list":["post-34341","post","type-post","status-publish","format-standard","hentry","category-politica-economia","tag-autismo","tag-jornada-internacional-sobre-autismo"],"_links":{"self":[{"href":"https:\/\/primiciasclorinda.com\/index.php?rest_route=\/wp\/v2\/posts\/34341","targetHints":{"allow":["GET"]}}],"collection":[{"href":"https:\/\/primiciasclorinda.com\/index.php?rest_route=\/wp\/v2\/posts"}],"about":[{"href":"https:\/\/primiciasclorinda.com\/index.php?rest_route=\/wp\/v2\/types\/post"}],"author":[{"embeddable":true,"href":"https:\/\/primiciasclorinda.com\/index.php?rest_route=\/wp\/v2\/users\/3"}],"replies":[{"embeddable":true,"href":"https:\/\/primiciasclorinda.com\/index.php?rest_route=%2Fwp%2Fv2%2Fcomments&post=34341"}],"version-history":[{"count":1,"href":"https:\/\/primiciasclorinda.com\/index.php?rest_route=\/wp\/v2\/posts\/34341\/revisions"}],"predecessor-version":[{"id":34343,"href":"https:\/\/primiciasclorinda.com\/index.php?rest_route=\/wp\/v2\/posts\/34341\/revisions\/34343"}],"wp:attachment":[{"href":"https:\/\/primiciasclorinda.com\/index.php?rest_route=%2Fwp%2Fv2%2Fmedia&parent=34341"}],"wp:term":[{"taxonomy":"category","embeddable":true,"href":"https:\/\/primiciasclorinda.com\/index.php?rest_route=%2Fwp%2Fv2%2Fcategories&post=34341"},{"taxonomy":"post_tag","embeddable":true,"href":"https:\/\/primiciasclorinda.com\/index.php?rest_route=%2Fwp%2Fv2%2Ftags&post=34341"}],"curies":[{"name":"wp","href":"https:\/\/api.w.org\/{rel}","templated":true}]}}