{"id":34326,"date":"2024-08-18T10:09:11","date_gmt":"2024-08-18T13:09:11","guid":{"rendered":"http:\/\/primiciasclorinda.com\/?p=34326"},"modified":"2024-08-18T10:09:11","modified_gmt":"2024-08-18T13:09:11","slug":"ibanez-cargo-contra-el-gobierno-nacional-desconocen-que-hay-una-argentina-en-el-norte-otra-en-el-centro-y-otra-en-el-sur","status":"publish","type":"post","link":"https:\/\/primiciasclorinda.com\/?p=34326","title":{"rendered":"Ib\u00e1\u00f1ez carg\u00f3 contra el Gobierno nacional: \u201cDesconocen que hay una Argentina en el norte, otra en el centro y otra en el sur\u201d"},"content":{"rendered":"<p style=\"text-align: justify;\">Ante la crisis vive que el pa\u00eds, generada por las pol\u00edticas nacionales cuyas consecuencias impactan en todos los sectores de la econom\u00eda, el Gobierno provincial implement\u00f3 medidas para contrarrestar los nocivos efectos.<\/p>\n<p style=\"text-align: justify;\">As\u00ed lo destac\u00f3 a la Agencia de Noticias Formosa (AGENFOR) el ministro de Econom\u00eda, Hacienda y Finanzas, el doctor Jorge Ib\u00e1\u00f1ez, quien enfatiz\u00f3 que para enfrentar este grave panorama que padece la Argentina bajo la administraci\u00f3n de Javier Milei, la gesti\u00f3n del gobernador Gildo Insfr\u00e1n \u201cha adoptado medidas de acuerdo a nuestras posibilidades financieras\u201d.<\/p>\n<p style=\"text-align: justify;\">Un ejemplo es que se han fortalecido las inversiones en el sistema de salud p\u00fablico provincial, lo que abarca tanto la infraestructura y su equipamiento, como la incorporaci\u00f3n y capacitaci\u00f3n permanente del personal.<\/p>\n<p style=\"text-align: justify;\">En esa materia, advirti\u00f3 el funcionario que \u201clos precios de los medicamentos se fueron a las nubes, hay algunos cuyos aumentos no guardan relaci\u00f3n con la suba del d\u00f3lar ni con nada\u201d.<\/p>\n<p style=\"text-align: justify;\">En este punto, cabe recordar que esta semana se concret\u00f3 la segunda entrega de ibuprofeno y paracetamol, dos medicamentos producidos en el Laboratorio de Especialidades M\u00e9dicas (Laformed) de Formosa que ser\u00e1n utilizados en hospitales y centros de salud de todo el territorio provincial.<\/p>\n<p style=\"text-align: justify;\">La primera se hab\u00eda realizado en el mes de marzo de este mismo a\u00f1o, hecho que fue celebrado por el gobernador Insfr\u00e1n. Y en lo que resta del a\u00f1o se concretar\u00e1 una tercera entrega.<\/p>\n<p style=\"text-align: justify;\">A su vez, el ministro Ib\u00e1\u00f1ez sigui\u00f3 aludiendo al ajustazo sin precedentes que se lleva adelante el Gobierno mile\u00edsta, que tiene severas consecuencias en la poblaci\u00f3n, con ca\u00eddas de los salarios y el consumo, al igual que despidos masivos y suspensiones en sectores como el de la construcci\u00f3n, el textil, el metal\u00fargico, entre otros.<\/p>\n<p style=\"text-align: justify;\">\u201cLos costos de los repuestos de las m\u00e1quinas viales tambi\u00e9n se encarecieron, como los precios de los combustibles\u201d, lament\u00f3.<\/p>\n<p style=\"text-align: justify;\">Sobre las medidas que tom\u00f3 la provincia para paliar esta situaci\u00f3n, subray\u00f3 que ha garantizado el pago del Fondo Nacional Incentivo Docente (FONID) y el \u00edtem Conectividad, asumiendo responsabilidades financieras que anteriormente estaban a cargo del Gobierno nacional.<\/p>\n<p style=\"text-align: justify;\">\u201cSi el Gobernador no se hubiera hecho cargo de abonar eso a los docentes, ser\u00eda casi un 15% menos del sueldo\u201d, remarc\u00f3.<\/p>\n<p style=\"text-align: justify;\">Y en el caso de la tarifa el\u00e9ctrica, hizo notar que Formosa contin\u00faa con el subsidio Esfuerzo Formose\u00f1o, que beneficia a 65 mil familias, ante los incrementos dispuestos por el Gobierno nacional. \u201cLo continuamos porque las subas del precio de electricidad son alt\u00edsimas\u201d, afirm\u00f3, apuntando que lo mismo sucede con \u201cel subsidio de los colectivos hacia el interior\u201d.<\/p>\n<p style=\"text-align: justify;\">En esa l\u00ednea, puso en duda que \u201ceste esquema de que los privados vayan a hacer lo que hac\u00eda el Estado\u201d, porque quiz\u00e1s \u201cd\u00e9 resultado en el centro del pa\u00eds, pero ac\u00e1, qu\u00e9 obra p\u00fablica vas a hacer y con el recupero a los vecinos de esa obra vas a pagar la obra, agua, luz, cloacas y pavimento\u201d.<\/p>\n<p style=\"text-align: justify;\">\u201cCuando nos dicen esto en Buenos Aires, nosotros decimos en qu\u00e9 pa\u00eds viven. Hay una Argentina en el norte, otra en el centro y otra en el sur, eso se ve, pero no lo pueden pensar desde la Naci\u00f3n, lamentablemente\u201d, cerr\u00f3.<\/p>\n","protected":false},"excerpt":{"rendered":"<div class=\"mh-excerpt\"><p>Ante la crisis vive que el pa\u00eds, generada por las pol\u00edticas nacionales cuyas consecuencias impactan en todos los sectores de la econom\u00eda, el Gobierno provincial <a class=\"mh-excerpt-more\" href=\"https:\/\/primiciasclorinda.com\/?p=34326\" title=\"Ib\u00e1\u00f1ez carg\u00f3 contra el Gobierno nacional: \u201cDesconocen que hay una Argentina en el norte, otra en el centro y otra en el sur\u201d\">[&#8230;]<\/a><\/p>\n<\/div>","protected":false},"author":3,"featured_media":0,"comment_status":"open","ping_status":"open","sticky":false,"template":"","format":"standard","meta":{"footnotes":""},"categories":[3],"tags":[23,212],"class_list":["post-34326","post","type-post","status-publish","format-standard","hentry","category-politica-economia","tag-formosa","tag-jorge-ibanez"],"_links":{"self":[{"href":"https:\/\/primiciasclorinda.com\/index.php?rest_route=\/wp\/v2\/posts\/34326","targetHints":{"allow":["GET"]}}],"collection":[{"href":"https:\/\/primiciasclorinda.com\/index.php?rest_route=\/wp\/v2\/posts"}],"about":[{"href":"https:\/\/primiciasclorinda.com\/index.php?rest_route=\/wp\/v2\/types\/post"}],"author":[{"embeddable":true,"href":"https:\/\/primiciasclorinda.com\/index.php?rest_route=\/wp\/v2\/users\/3"}],"replies":[{"embeddable":true,"href":"https:\/\/primiciasclorinda.com\/index.php?rest_route=%2Fwp%2Fv2%2Fcomments&post=34326"}],"version-history":[{"count":1,"href":"https:\/\/primiciasclorinda.com\/index.php?rest_route=\/wp\/v2\/posts\/34326\/revisions"}],"predecessor-version":[{"id":34328,"href":"https:\/\/primiciasclorinda.com\/index.php?rest_route=\/wp\/v2\/posts\/34326\/revisions\/34328"}],"wp:attachment":[{"href":"https:\/\/primiciasclorinda.com\/index.php?rest_route=%2Fwp%2Fv2%2Fmedia&parent=34326"}],"wp:term":[{"taxonomy":"category","embeddable":true,"href":"https:\/\/primiciasclorinda.com\/index.php?rest_route=%2Fwp%2Fv2%2Fcategories&post=34326"},{"taxonomy":"post_tag","embeddable":true,"href":"https:\/\/primiciasclorinda.com\/index.php?rest_route=%2Fwp%2Fv2%2Ftags&post=34326"}],"curies":[{"name":"wp","href":"https:\/\/api.w.org\/{rel}","templated":true}]}}