{"id":33821,"date":"2024-06-06T08:22:17","date_gmt":"2024-06-06T11:22:17","guid":{"rendered":"http:\/\/primiciasclorinda.com\/?p=33821"},"modified":"2024-06-06T08:22:17","modified_gmt":"2024-06-06T11:22:17","slug":"gremios-destacaron-el-incremento-salarial-del-27-a-la-administracion-publica-provincial","status":"publish","type":"post","link":"https:\/\/primiciasclorinda.com\/?p=33821","title":{"rendered":"Gremios destacaron el incremento salarial del 27% a la Administraci\u00f3n P\u00fablica Provincial"},"content":{"rendered":"<p style=\"text-align: justify;\">Adem\u00e1s diferenciaron el Gobierno nacional del provincial, ya que en Formosa se habla de \u201caumentos y estabilidad laboral\u201d.<\/p>\n<p style=\"text-align: justify;\">El \u00faltimo haber de la Administraci\u00f3n P\u00fablica Provincial se percibi\u00f3 con un 27% de aumento, otorgado por el Gobierno de Formosa, gesti\u00f3n del gobernador Gildo Insfr\u00e1n.<\/p>\n<p style=\"text-align: justify;\">Por ello, gremialistas expresaron su satisfacci\u00f3n y en declaraciones a las que accedi\u00f3 AGENFOR, destacaron el valor que tiene esto en un contexto nacional dif\u00edcil.<\/p>\n<p style=\"text-align: justify;\">Al respecto, el secretario general de UPCN, Isabelino Idoyaga, se\u00f1al\u00f3 que \u201cpara nosotros es importante porque tambi\u00e9n vemos en la paritaria de otras provincias y hay algunas que no tienen ning\u00fan tipo de aumento\u201d.<\/p>\n<p style=\"text-align: justify;\">Sin embargo, asegur\u00f3 que en Formosa \u201cel Gobierno ha aprovechado una buena gesti\u00f3n administrativa y ya llevamos el 52% de lo que va de este a\u00f1o\u201d.<\/p>\n<p style=\"text-align: justify;\">Asimismo, resalt\u00f3 que \u201cnosotros seguimos conversando ya que tenemos un di\u00e1logo fluido con el Ministerio de Hacienda y Econom\u00eda de la provincia, analizando la proyecci\u00f3n que tenemos hacia los meses que vienen\u201d.<\/p>\n<p style=\"text-align: justify;\">Carlos Salinas, secretario general del Sindicato de Trabajadores Viales<br \/>\nY valor\u00f3 que \u201ctenemos un Gobierno que nos acompa\u00f1a\u201d, nombrando que, el gobernador Insfr\u00e1n se hizo cargo de los fondos y planes que fueron recortados desde Naci\u00f3n.<\/p>\n<p style=\"text-align: justify;\">\u201cLa situaci\u00f3n nacional es muy dif\u00edcil\u201d, lament\u00f3 y recalc\u00f3 que \u201cac\u00e1 lo estamos sobrellevando y cobrando en tiempo de formar los sueldos, con el aguinaldo asegurado\u201d.<\/p>\n<p style=\"text-align: justify;\">Por eso, al concluir dej\u00f3 en claro que \u201cseguimos acompa\u00f1ando a rajatabla todo lo que est\u00e1 haciendo este modelo pol\u00edtico\u201d.<\/p>\n<p style=\"text-align: justify;\">Por su parte, Carlos Salinas, secretario general del Sindicato de Trabajadores Viales, expuso que \u201clos trabajadores viales estamos muy agradecidos a nuestro conductor, el gobernador Gildo Insfr\u00e1n por los aumentos dados en este contexto, en el que estamos viviendo toda la Rep\u00fablica Argentina\u201d.<\/p>\n<p style=\"text-align: justify;\">Consider\u00f3 que \u201ceste Gobierno Nacional cada d\u00eda perjudica m\u00e1s a los trabajadores y al que menos tiene\u201d. En cambio, sigui\u00f3: \u201cnuestro Gobernador realiza todo lo contrario\u201d.<\/p>\n<p style=\"text-align: justify;\">Y puntualiz\u00f3 que \u201cadem\u00e1s del aumento salarial, se siguen manteniendo las obras en Formosa con fondos provinciales, mientras que a nivel nacional se las paraliza\u201d, asegurando que \u201cVialidad sigue trabajando en rutas provinciales, y tambi\u00e9n en varias localidades con cuadras de pavimento\u201d.<\/p>\n<p style=\"text-align: justify;\">\u201cEsto se puede dar \u00fanicamente cuando tenes una buena administraci\u00f3n, ya que hoy se refleja en acciones y decisiones concretas para la comunidad\u201d.<\/p>\n<p style=\"text-align: justify;\">Entonces, sostuvo que \u201cel super\u00e1vit provincial est\u00e1 dando frutos, afrontando los recortes de Naci\u00f3n y ayudando a todos los trabajadores formose\u00f1os\u201d.<\/p>\n<p style=\"text-align: justify;\">Al finalizar, expres\u00f3 su preocupaci\u00f3n por la situaci\u00f3n de los trabajadores, afirmando que \u201cnos preocupa mucho porque en todos los organismos nacionales lo \u00fanico que se escucha es que est\u00e1n con miedo por los despidos\u201d.<\/p>\n<p style=\"text-align: justify;\">Y enfatiz\u00f3 que \u201cse nota mucho la diferencia con Naci\u00f3n porque en Formosa tenemos un gobierno popular con un Gobernador peronista y estamos hablando de aumento y estabilidad laboral\u201d.<\/p>\n","protected":false},"excerpt":{"rendered":"<div class=\"mh-excerpt\"><p>Adem\u00e1s diferenciaron el Gobierno nacional del provincial, ya que en Formosa se habla de \u201caumentos y estabilidad laboral\u201d. El \u00faltimo haber de la Administraci\u00f3n P\u00fablica <a class=\"mh-excerpt-more\" href=\"https:\/\/primiciasclorinda.com\/?p=33821\" title=\"Gremios destacaron el incremento salarial del 27% a la Administraci\u00f3n P\u00fablica Provincial\">[&#8230;]<\/a><\/p>\n<\/div>","protected":false},"author":3,"featured_media":33822,"comment_status":"open","ping_status":"open","sticky":false,"template":"","format":"standard","meta":{"footnotes":""},"categories":[3],"tags":[58,667],"class_list":["post-33821","post","type-post","status-publish","format-standard","has-post-thumbnail","hentry","category-politica-economia","tag-gobierno-de-formosa","tag-gremios-docentes"],"_links":{"self":[{"href":"https:\/\/primiciasclorinda.com\/index.php?rest_route=\/wp\/v2\/posts\/33821","targetHints":{"allow":["GET"]}}],"collection":[{"href":"https:\/\/primiciasclorinda.com\/index.php?rest_route=\/wp\/v2\/posts"}],"about":[{"href":"https:\/\/primiciasclorinda.com\/index.php?rest_route=\/wp\/v2\/types\/post"}],"author":[{"embeddable":true,"href":"https:\/\/primiciasclorinda.com\/index.php?rest_route=\/wp\/v2\/users\/3"}],"replies":[{"embeddable":true,"href":"https:\/\/primiciasclorinda.com\/index.php?rest_route=%2Fwp%2Fv2%2Fcomments&post=33821"}],"version-history":[{"count":1,"href":"https:\/\/primiciasclorinda.com\/index.php?rest_route=\/wp\/v2\/posts\/33821\/revisions"}],"predecessor-version":[{"id":33823,"href":"https:\/\/primiciasclorinda.com\/index.php?rest_route=\/wp\/v2\/posts\/33821\/revisions\/33823"}],"wp:featuredmedia":[{"embeddable":true,"href":"https:\/\/primiciasclorinda.com\/index.php?rest_route=\/wp\/v2\/media\/33822"}],"wp:attachment":[{"href":"https:\/\/primiciasclorinda.com\/index.php?rest_route=%2Fwp%2Fv2%2Fmedia&parent=33821"}],"wp:term":[{"taxonomy":"category","embeddable":true,"href":"https:\/\/primiciasclorinda.com\/index.php?rest_route=%2Fwp%2Fv2%2Fcategories&post=33821"},{"taxonomy":"post_tag","embeddable":true,"href":"https:\/\/primiciasclorinda.com\/index.php?rest_route=%2Fwp%2Fv2%2Ftags&post=33821"}],"curies":[{"name":"wp","href":"https:\/\/api.w.org\/{rel}","templated":true}]}}