{"id":33723,"date":"2024-05-27T08:30:39","date_gmt":"2024-05-27T11:30:39","guid":{"rendered":"http:\/\/primiciasclorinda.com\/?p=33723"},"modified":"2024-05-27T08:30:39","modified_gmt":"2024-05-27T11:30:39","slug":"guillermo-francos-y-luis-caputo-toman-fuerza-ante-una-posible-reorganizacion-del-gobierno-y-la-creacion-del-consejo-de-mayo","status":"publish","type":"post","link":"https:\/\/primiciasclorinda.com\/?p=33723","title":{"rendered":"Guillermo Francos y Luis Caputo toman fuerza ante una posible reorganizaci\u00f3n del Gobierno y la creaci\u00f3n del Consejo de Mayo"},"content":{"rendered":"<p style=\"text-align: justify;\">Con el jefe de Gabinete debilitado, ambos ministros adquieren cada vez m\u00e1s relevancia. De sus filas surgir\u00e1 el representante del Ejecutivo en el organismo encargado de transformar en proyectos de ley las pol\u00edticas de Estado que plantea el presidente Milei.<\/p>\n<p>A casi seis meses de haber asumido, el Gobierno se prepara para su primera gran reorganizaci\u00f3n y redefinici\u00f3n de metas, que incluir\u00e1 un an\u00e1lisis de lo hecho hasta el momento y quiz\u00e1s m\u00e1s de un cambio en el Gabinete nacional, que est\u00e1 siendo evaluado en su totalidad, seg\u00fan remarc\u00f3 el propio presidente Javier Milei.<\/p>\n<p style=\"text-align: justify;\">A la espera de la demorada sanci\u00f3n de la Ley Bases y del paquete fiscal, que siguen en las comisiones del Senado, todav\u00eda sin consenso suficiente como para ser aprobados, la c\u00fapula libertaria estudia los pasos a seguir y sus v\u00ednculos con el PRO.<\/p>\n<p style=\"text-align: justify;\">De hecho, este domingo fue Mauricio Macri quien rompi\u00f3 el silencio y manifest\u00f3 p\u00fablicamente su apoyo a las iniciativas del oficialismo, en una muestra de respaldo en nombre tambi\u00e9n del partido, que recientemente lo volvi\u00f3 a elegir como m\u00e1xima autoridad.<\/p>\n<p style=\"text-align: justify;\">\u201cLos senadores del PRO van a acompa\u00f1ar, porque tiene reformas necesarias y urgentes para salir de la crisis, reformas que nosotros como partido hemos estado reclamando o proponiendo desde hace a\u00f1os. \u00bfEs perfecta la ley? No, pero en pol\u00edtica nada lo es. Dada la extrema fragilidad en la que sigue estando nuestra econom\u00eda, creo importante darle al presidente Milei estas herramientas para cumplir con el mandato que le dieron los argentinos de bajar la inflaci\u00f3n y ordenar la econom\u00eda. Y el tiempo que tenemos para hacerlo no es infinito\u201d, escribi\u00f3 el ex jefe de Estado en su cuenta de X.<\/p>\n<p style=\"text-align: justify;\">Este fue un gesto celebrado en la Casa Rosada que, no obstante, mantiene la cautela de lo que pueda ocurrir con los proyectos, en los que vienen trabajando desde el ministro del Interior, Guillermo Francos, hasta su segundo, Lisandro Catal\u00e1n; el secretario ejecutivo del Gobierno, Jos\u00e9 \u201cCochi\u201d Rolandi, y la Secretar\u00eda de Planeamiento Estrat\u00e9gico Normativo, Mar\u00eda Ibarzabal, entre otros.<\/p>\n<p style=\"text-align: justify;\">Las m\u00faltiples y extensas negociaciones con la oposici\u00f3n \u201cdialoguista\u201d le dieron m\u00e1s visibilidad al primero de estos funcionarios, que ahora incluso suena como posible reemplazante del jefe de Gabinete, Nicol\u00e1s Posse, que podr\u00eda dejar el cargo en las pr\u00f3ximas semanas.<\/p>\n<p style=\"text-align: justify;\">De hecho, de acuerdo con lo que precisaron a Infobae fuentes oficiales, el representante que enviar\u00e1 el Poder Ejecutivo al Consejo de Mayo ser\u00e1 \u201cun referente del \u00e1rea pol\u00edtica o econ\u00f3mica\u201d, es decir, del Ministerio del Interior o del Palacio de Hacienda, encabezado por Luis \u201cToto\u201d Caputo, otra de las figuras elogiadas por Milei en el \u00faltimo tiempo.<\/p>\n<p style=\"text-align: justify;\">Sin embargo, esto no significa que sea ni Francos ni Caputo los que necesariamente vayan a estar en ese organismo, que ser\u00e1 el encargado de elaborar los proyectos de ley para darle un marco formal a las pol\u00edticas de Estado que el Presidente acordar\u00e1 con los gobernadores.<\/p>\n<p style=\"text-align: justify;\">Ser\u00e1 un gesto m\u00e1s de respaldo a los dos funcionarios con los que el mandatario nacional se dej\u00f3 ver de cerca en los actos por el 25 de mayo, en los que estuvo m\u00e1s distante del jefe de Gabinete, que incluso fue ubicado en una segunda fila en las fotos protocolares.<\/p>\n<p style=\"text-align: justify;\">\u201cLa situaci\u00f3n de Posse es la misma que tiene todo el Gabinete. Cuando uno gestiona, tiene hitos y nuestro primer hito de gesti\u00f3n terminar\u00eda con el desenlace de la Ley Bases, que puede salir bien o no sale. Esa situaci\u00f3n va a llevar a que, marcado ese hito, tenemos que hacer una evaluaci\u00f3n de resultado\u201d, advirti\u00f3 Milei en una entrevista televisiva.<\/p>\n<p style=\"text-align: justify;\">Por lo pronto, a pesar de los rumores de su inminente salida de Balcarce 50, el funcionario contin\u00faa con su agenda habitual y este lunes tiene previsto almorzar con Toto Caputo, el martes participar\u00e1 de la reuni\u00f3n de Gabinete y el jueves acompa\u00f1ar\u00e1 al ministro de Defensa, Luis Petri, a Mar del Plata para conocer el portaaviones nuclear estadounidense USS George Washington, acto en el que tambi\u00e9n podr\u00eda estar Milei, si es que se lo permite su ajustada agenda de actividades internacionales.<\/p>\n<p style=\"text-align: justify;\">En cuanto al resto de los integrantes del Consejo de Mayo -uno de los gobernadores, uno del Senado, otro por Diputados, uno por el sector empresario y otro por el sector sindical-, las autoridades nacionales anticiparon que el objetivo es que se elijan a \u201clos m\u00e1s representativos de cada \u00e1rea\u201d.<\/p>\n<p style=\"text-align: justify;\">Si bien esa ser\u00e1 la premisa para seleccionar a los miembros de ese organismo, todav\u00eda no est\u00e1 definido cu\u00e1l va a ser el mecanismo de convocaci\u00f3n, ni si ser\u00e1 el Gobierno o los propios sectores los que terminar\u00e1n decidiendo a sus enviados.<\/p>\n<p style=\"text-align: justify;\">No obstante, la conformaci\u00f3n de este grupo y la propia firma del Pacto de Mayo est\u00e1n supeditadas a la aprobaci\u00f3n en el Congreso de la Ley Bases y del paquete fiscal, que todav\u00eda ni siquiera obtuvieron dictamen en el Senado para ser votados.<\/p>\n<p style=\"text-align: justify;\">Por su parte, Milei viajar\u00e1 el lunes por la noche, y con una reducida comitiva oficial, a los Estados Unidos para participar de un evento en Silicon Valley, ubicado en la zona sur de la bah\u00eda de San Francisco, donde se reunir\u00e1 con el director de Meta, Mark Zuckerberg, y con ejecutivos de importantes empresas, como OpenAI, Apple, Google y Alphabet.<\/p>\n<p style=\"text-align: justify;\">El s\u00e1bado, en tanto, el Presidente partir\u00eda hacia El Salvador para asistir a la renovaci\u00f3n del mandato de su par local, Nayib Bukele, quien gan\u00f3 las \u00faltimas elecciones de su pa\u00eds con m\u00e1s del 84% de los votos.<\/p>\n<p style=\"text-align: justify;\">Fuente: Infobae.com<\/p>\n","protected":false},"excerpt":{"rendered":"<div class=\"mh-excerpt\"><p>Con el jefe de Gabinete debilitado, ambos ministros adquieren cada vez m\u00e1s relevancia. De sus filas surgir\u00e1 el representante del Ejecutivo en el organismo encargado <a class=\"mh-excerpt-more\" href=\"https:\/\/primiciasclorinda.com\/?p=33723\" title=\"Guillermo Francos y Luis Caputo toman fuerza ante una posible reorganizaci\u00f3n del Gobierno y la creaci\u00f3n del Consejo de Mayo\">[&#8230;]<\/a><\/p>\n<\/div>","protected":false},"author":3,"featured_media":33724,"comment_status":"open","ping_status":"open","sticky":false,"template":"","format":"standard","meta":{"footnotes":""},"categories":[3],"tags":[70,4142,4313],"class_list":["post-33723","post","type-post","status-publish","format-standard","has-post-thumbnail","hentry","category-politica-economia","tag-gobierno-nacional","tag-milei","tag-pacto-de-mayo"],"_links":{"self":[{"href":"https:\/\/primiciasclorinda.com\/index.php?rest_route=\/wp\/v2\/posts\/33723","targetHints":{"allow":["GET"]}}],"collection":[{"href":"https:\/\/primiciasclorinda.com\/index.php?rest_route=\/wp\/v2\/posts"}],"about":[{"href":"https:\/\/primiciasclorinda.com\/index.php?rest_route=\/wp\/v2\/types\/post"}],"author":[{"embeddable":true,"href":"https:\/\/primiciasclorinda.com\/index.php?rest_route=\/wp\/v2\/users\/3"}],"replies":[{"embeddable":true,"href":"https:\/\/primiciasclorinda.com\/index.php?rest_route=%2Fwp%2Fv2%2Fcomments&post=33723"}],"version-history":[{"count":1,"href":"https:\/\/primiciasclorinda.com\/index.php?rest_route=\/wp\/v2\/posts\/33723\/revisions"}],"predecessor-version":[{"id":33725,"href":"https:\/\/primiciasclorinda.com\/index.php?rest_route=\/wp\/v2\/posts\/33723\/revisions\/33725"}],"wp:featuredmedia":[{"embeddable":true,"href":"https:\/\/primiciasclorinda.com\/index.php?rest_route=\/wp\/v2\/media\/33724"}],"wp:attachment":[{"href":"https:\/\/primiciasclorinda.com\/index.php?rest_route=%2Fwp%2Fv2%2Fmedia&parent=33723"}],"wp:term":[{"taxonomy":"category","embeddable":true,"href":"https:\/\/primiciasclorinda.com\/index.php?rest_route=%2Fwp%2Fv2%2Fcategories&post=33723"},{"taxonomy":"post_tag","embeddable":true,"href":"https:\/\/primiciasclorinda.com\/index.php?rest_route=%2Fwp%2Fv2%2Ftags&post=33723"}],"curies":[{"name":"wp","href":"https:\/\/api.w.org\/{rel}","templated":true}]}}