{"id":33470,"date":"2024-04-16T08:23:22","date_gmt":"2024-04-16T11:23:22","guid":{"rendered":"http:\/\/primiciasclorinda.com\/?p=33470"},"modified":"2024-04-16T08:24:47","modified_gmt":"2024-04-16T11:24:47","slug":"con-un-variado-orden-del-dia-sesiono-el-hcd","status":"publish","type":"post","link":"https:\/\/primiciasclorinda.com\/?p=33470","title":{"rendered":"Con un variado Orden del d\u00eda sesion\u00f3 el HCD"},"content":{"rendered":"<div dir=\"auto\" style=\"text-align: justify;\"><\/div>\n<div class=\"x11i5rnm xat24cr x1mh8g0r x1vvkbs xtlvy1s x126k92a\" style=\"text-align: justify;\">\n<div dir=\"auto\">En primer lugar, fue aprobada el acta anterior e inmediatamente fue remetida a la comisi\u00f3n dos la nota de Blanco Dupland Mariano Mart\u00edn solicitando el estudio, tratamiento y sanci\u00f3n de una Ordenanza que reglamente la creaci\u00f3n y nombramiento de un barrio nuevo en la ciudad de Clorinda con el nombre de \u00abBarrio Arquitecto Jos\u00e9 Antonio Zampedri\u00bb.<\/div>\n<\/div>\n<div class=\"x11i5rnm xat24cr x1mh8g0r x1vvkbs xtlvy1s x126k92a\" style=\"text-align: justify;\">\n<div dir=\"auto\">\n<p>La nota presentada por el Cura P\u00e1rroco Presb\u00edtero Dar\u00edo R. Serv\u00edan presenta nota solicitando la condonaci\u00f3n de la deuda contra\u00edda por el concepto \u00abTasa de utilizaci\u00f3n de la v\u00eda p\u00fablica\u00bb del veh\u00edculo de la propiedad de la Parroquia \u00abNuestra Se\u00f1ora de los \u00c1ngeles\u00bb, fue enviada a Comisi\u00f3n n\u00famero uno.<\/p>\n<\/div>\n<div dir=\"auto\">\n<p>En tanto fue enviada a archivo el expediente presentada por la Delegada Zonal Clorinda del Ministerio de Cultura y Educaci\u00f3n Lic. Feliciana Coronel donde presenta el listado completo de las Unidades Educativas de nuestra ciudad, vale se\u00f1alar que tambi\u00e9n se env\u00edan copia a cada edil y bloque.<\/p>\n<\/div>\n<\/div>\n<div class=\"x11i5rnm xat24cr x1mh8g0r x1vvkbs xtlvy1s x126k92a\" style=\"text-align: justify;\">\n<div dir=\"auto\">\n<p>El Expediente caratulado \u201cEscuela de Jard\u00edn de Infantes n\u00famero 14 \u00abCapullito de Algod\u00f3n\u00bb presenta Nota solicitando colaboraci\u00f3n para el mantenimiento y limpieza de canaletas y poda de \u00e1rboles del establecimiento escolar, enviada a la comisi\u00f3n uno.<\/p>\n<\/div>\n<div dir=\"auto\">\n<p>Por su parte los proyectos del Departamento ejecutivo expediente n\u00famero 239-C-2024 y su adjunto Expediente n\u00famero 69-C-2024 ref. a Rendiciones de Cuentas de la Municipalidad de Clorinda correspondiente al ejercicio 2023, enviado a la comisi\u00f3n 4.<\/p>\n<\/div>\n<\/div>\n<div class=\"x11i5rnm xat24cr x1mh8g0r x1vvkbs xtlvy1s x126k92a\">\n<div dir=\"auto\" style=\"text-align: justify;\">Y finalmente, previa lectura del proyecto fue remitida a la comisi\u00f3n mixta uno y dos, y que fuera presentada por los Concejales del Bloque \u00abFrente de Todos\u00bb del P.J presentan Proyecto de Resoluci\u00f3n ref. a solicitar al DEM proceda a la reparaci\u00f3n y mantenimiento de las placas protectoras ubicadas en las bases de las torres y columnas de iluminaci\u00f3n de los espacios p\u00fablicos.<\/div>\n<\/div>\n","protected":false},"excerpt":{"rendered":"<div class=\"mh-excerpt\"><p>En primer lugar, fue aprobada el acta anterior e inmediatamente fue remetida a la comisi\u00f3n dos la nota de Blanco Dupland Mariano Mart\u00edn solicitando el <a class=\"mh-excerpt-more\" href=\"https:\/\/primiciasclorinda.com\/?p=33470\" title=\"Con un variado Orden del d\u00eda sesion\u00f3 el HCD\">[&#8230;]<\/a><\/p>\n<\/div>","protected":false},"author":3,"featured_media":33471,"comment_status":"open","ping_status":"open","sticky":false,"template":"","format":"standard","meta":{"footnotes":""},"categories":[3],"tags":[26,319],"class_list":["post-33470","post","type-post","status-publish","format-standard","has-post-thumbnail","hentry","category-politica-economia","tag-clorinda","tag-hcd"],"_links":{"self":[{"href":"https:\/\/primiciasclorinda.com\/index.php?rest_route=\/wp\/v2\/posts\/33470","targetHints":{"allow":["GET"]}}],"collection":[{"href":"https:\/\/primiciasclorinda.com\/index.php?rest_route=\/wp\/v2\/posts"}],"about":[{"href":"https:\/\/primiciasclorinda.com\/index.php?rest_route=\/wp\/v2\/types\/post"}],"author":[{"embeddable":true,"href":"https:\/\/primiciasclorinda.com\/index.php?rest_route=\/wp\/v2\/users\/3"}],"replies":[{"embeddable":true,"href":"https:\/\/primiciasclorinda.com\/index.php?rest_route=%2Fwp%2Fv2%2Fcomments&post=33470"}],"version-history":[{"count":2,"href":"https:\/\/primiciasclorinda.com\/index.php?rest_route=\/wp\/v2\/posts\/33470\/revisions"}],"predecessor-version":[{"id":33473,"href":"https:\/\/primiciasclorinda.com\/index.php?rest_route=\/wp\/v2\/posts\/33470\/revisions\/33473"}],"wp:featuredmedia":[{"embeddable":true,"href":"https:\/\/primiciasclorinda.com\/index.php?rest_route=\/wp\/v2\/media\/33471"}],"wp:attachment":[{"href":"https:\/\/primiciasclorinda.com\/index.php?rest_route=%2Fwp%2Fv2%2Fmedia&parent=33470"}],"wp:term":[{"taxonomy":"category","embeddable":true,"href":"https:\/\/primiciasclorinda.com\/index.php?rest_route=%2Fwp%2Fv2%2Fcategories&post=33470"},{"taxonomy":"post_tag","embeddable":true,"href":"https:\/\/primiciasclorinda.com\/index.php?rest_route=%2Fwp%2Fv2%2Ftags&post=33470"}],"curies":[{"name":"wp","href":"https:\/\/api.w.org\/{rel}","templated":true}]}}