{"id":33426,"date":"2024-04-06T11:01:39","date_gmt":"2024-04-06T14:01:39","guid":{"rendered":"http:\/\/primiciasclorinda.com\/?p=33426"},"modified":"2024-04-06T11:01:39","modified_gmt":"2024-04-06T14:01:39","slug":"luis-caputo-la-inflacion-de-marzo-va-a-estar-en-torno-al-10-por-ciento","status":"publish","type":"post","link":"https:\/\/primiciasclorinda.com\/?p=33426","title":{"rendered":"Luis Caputo: \u201cLa inflaci\u00f3n de marzo va a estar en torno al 10 por ciento"},"content":{"rendered":"<p style=\"text-align: justify;\">El ministro de Econom\u00eda anticip\u00f3 una fuerte baja en el \u00edndice de precios al consumidor que el Indec informar\u00e1 el pr\u00f3ximo 12 de abril. \u201cLa inflaci\u00f3n est\u00e1 colapsando\u201d, asegur\u00f3. Adem\u00e1s, cuestion\u00f3 la suba desmedidas de las prepagas: \u201cSe les recontra fue la mano. A mi me molest\u00f3\u201d.<\/p>\n<p>\u201cLa inflaci\u00f3n est\u00e1 colapsando. En el caso de los alimentos y bebidas, si se miran los datos de supermercados de la primer semana de abril est\u00e1 dando negativo, hay deflaci\u00f3n\u201d, explic\u00f3 el funcionario en declaraciones a TN.<\/p>\n<p style=\"text-align: justify;\">\u201cLos comerciantes mismos reconoc\u00edan que fijaron sus precios con un d\u00f3lar de $2.000. En ese momento era lo que les pronosticaban las consultoras econ\u00f3micas que la mayor\u00eda de los empresarios tienen. Era natural que ellos reaccionaran de acuerdo a eso. Pusieron muy por arriba los precios; por eso en d\u00f3lares quedaron desfasados\u201d, detall\u00f3 el ministro.<\/p>\n<p style=\"text-align: justify;\">\u201cA muchos se les recontra fue la mano. Es lo que pas\u00f3 con las prepagas. A mi me molest\u00f3\u201d, dijo. Agreg\u00f3 que se reunir\u00e1 con las empresas de medicina privada y que impulsar\u00e1 una mayor competencia en el sector.<\/p>\n<p style=\"text-align: justify;\">Despu\u00e9s hay casos como la carne, que volvi\u00f3 a los niveles de diciembre y hay cada vez m\u00e1s. Lo importante de entender es que se lleg\u00f3 a esta situaci\u00f3n no de casualidad. La rareza fue que Argentina por primera vez hizo los deberes y r\u00e1pidamente\u201d, agreg\u00f3<\/p>\n<p style=\"text-align: justify;\">\u201cEstamos yendo por un modelo diferente. L\u00f3gicamente en el ADN del argentino est\u00e1 que todo va a salir mal y que va a ser todo lo mismo, pero tenemos que entender que para que el pa\u00eds cambie, todos tenemos que cambiar ciertas conductas. En el caso de los empresarios era algo bien concreto, porque explic\u00e1ndoles el programa econ\u00f3mico y ellos reconociendo que hab\u00edan calculado sus precios con el d\u00f3lar a $2.000, ten\u00edan la opci\u00f3n de esperar al d\u00f3lar o de retrotraer los precios y muchos est\u00e1n optando por eso\u201d, sum\u00f3 Caputo.<\/p>\n<p style=\"text-align: justify;\">\u201cLa inflaci\u00f3n est\u00e1 colapsando. En el caso de los alimentos y bebidas, si se miran los datos de supermercados de la primer semana de abril est\u00e1 dando negativo, hay deflaci\u00f3n\u201d (Luis Caputo)<br \/>\nEn relaci\u00f3n a los primeros meses de gesti\u00f3n, Caputo asegur\u00f3 que est\u00e1n significativamente mejor de lo que todos pronosticaban. \u201cTres meses atr\u00e1s nadie cre\u00eda que \u00edbamos a tener equilibrio fiscal, con el BCRA habiendo comprado USD 12.700 millones, con la inflaci\u00f3n a la baja, habiendo solucionado gran parte de la deuda de los USD 60.000 millones que le ten\u00eda que vender a los importadores y con el d\u00f3lar contado con liqui por debajo del nivel del que asumimos\u201d, analiz\u00f3 el ministro de Econom\u00eda.<\/p>\n<p style=\"text-align: justify;\">\u201cMucha gente dice \u2018bajen impuestos ya\u2019. A m\u00ed me encantar\u00eda, pero uno no tiene las mismas herramientas de pol\u00edtica econ\u00f3mica que tienen los pa\u00edses tradicionales porque Argentina no tiene credibilidad. Si bajamos impuestos, la primera reacci\u00f3n es que vamos a recaudar menos\u201d, sostuvo.<\/p>\n<p style=\"text-align: justify;\">En este sentido, Caputo sostuvo que Argentina tiene primero que mostrar resultados. \u201cLa \u00fanica forma de bajar impuestos es primero mostrando que cumplimos. Una vez que crezcamos y tengamos super\u00e1vit, se lo podremos devolver a la gente con baja de impuestos. Esto puede estar pasando el a\u00f1o que viene\u201d, asegur\u00f3.<\/p>\n<p style=\"text-align: justify;\">\u201cLa vuelta de Ganancias es parte de mejorar la calidad del ajuste. Nosotros, estrat\u00e9gicamente, a sabiendas de que no ten\u00edamos representaci\u00f3n en el Congreso y que la ley no iba a pasar, planteamos el ajuste de manera tal que nos pudi\u00e9ramos valer por nosotros mismos\u201d, se justific\u00f3.<\/p>\n<p style=\"text-align: justify;\">\u201cA nadie le gustan los impuestos, pero vamos a lo que son los pa\u00edses que funcionan normalmente. El impuesto a las Ganancias se paga en todo el mundo y es el m\u00e1s progresivo que hay. Todav\u00eda estamos discutiendo el piso. Estamos escuchando los reclamos de las provincias. Tiene que tener un piso razonable, va a ser m\u00e1s alto que $1.200.000, seguro\u201d, anticip\u00f3 el ministro.<\/p>\n<p style=\"text-align: justify;\">Salarios vs inflaci\u00f3n<br \/>\nCaputo reconoci\u00f3 que la clase media es la que est\u00e1 haciendo el mayor esfuerzo. \u201cLa clase media es la que m\u00e1s lo padeci\u00f3, por eso ahora sacamos el bono extra para los chicos y dem\u00e1s, porque claramente entendemos que es necesario. Se debe entender que la alternativa era Venezuela, literal, y deben tener en cuenta que esta vez vamos a salir. El esfuerzo que estamos haciendo es consecuencia de 20 a\u00f1os de populismo\u201d, apunt\u00f3.<\/p>\n<p style=\"text-align: justify;\">Sobre las negociaciones paritarias, se\u00f1al\u00f3 que se van a homologar en cuanto sean razonables. Es parte de todo el equilibrio general\u201d.<\/p>\n<p style=\"text-align: justify;\">El ministro confirm\u00f3 que la semana pr\u00f3xima viajar\u00e1 a Washington para retomar el di\u00e1logo con el Fondo Monetario Internacional (FMI). \u201cEstamos hablando con el Fondo pero no ning\u00fan preacuerdo\u201d, dijo, a la vez que neg\u00f3 que vayan a venir USD 15.000 millones.<\/p>\n<p style=\"text-align: justify;\">\u201cLo bueno es que ellos est\u00e1n demasiado contentos con la situaci\u00f3n actual. Es algo raro, porque t\u00edpicamente cuando un pa\u00eds va al Fondo, va porque las cosas est\u00e1n yendo mal. Nosotros ahora estamos yendo con las cosas marchando bien. El Fondo no tiene apuro, porque mientras tanto (Santiago) Bausili compra USD 200 millones por d\u00eda, pero nosotros vemos que tenemos realmente una oportunidad para empezar a destrabar las cosas\u201d, afirm\u00f3 Caputo.<\/p>\n","protected":false},"excerpt":{"rendered":"<div class=\"mh-excerpt\"><p>El ministro de Econom\u00eda anticip\u00f3 una fuerte baja en el \u00edndice de precios al consumidor que el Indec informar\u00e1 el pr\u00f3ximo 12 de abril. \u201cLa <a class=\"mh-excerpt-more\" href=\"https:\/\/primiciasclorinda.com\/?p=33426\" title=\"Luis Caputo: \u201cLa inflaci\u00f3n de marzo va a estar en torno al 10 por ciento\">[&#8230;]<\/a><\/p>\n<\/div>","protected":false},"author":3,"featured_media":32681,"comment_status":"open","ping_status":"open","sticky":false,"template":"","format":"standard","meta":{"footnotes":""},"categories":[4,3],"tags":[4238,168],"class_list":["post-33426","post","type-post","status-publish","format-standard","has-post-thumbnail","hentry","category-informacion-general","category-politica-economia","tag-caputo","tag-inflacion"],"_links":{"self":[{"href":"https:\/\/primiciasclorinda.com\/index.php?rest_route=\/wp\/v2\/posts\/33426","targetHints":{"allow":["GET"]}}],"collection":[{"href":"https:\/\/primiciasclorinda.com\/index.php?rest_route=\/wp\/v2\/posts"}],"about":[{"href":"https:\/\/primiciasclorinda.com\/index.php?rest_route=\/wp\/v2\/types\/post"}],"author":[{"embeddable":true,"href":"https:\/\/primiciasclorinda.com\/index.php?rest_route=\/wp\/v2\/users\/3"}],"replies":[{"embeddable":true,"href":"https:\/\/primiciasclorinda.com\/index.php?rest_route=%2Fwp%2Fv2%2Fcomments&post=33426"}],"version-history":[{"count":1,"href":"https:\/\/primiciasclorinda.com\/index.php?rest_route=\/wp\/v2\/posts\/33426\/revisions"}],"predecessor-version":[{"id":33427,"href":"https:\/\/primiciasclorinda.com\/index.php?rest_route=\/wp\/v2\/posts\/33426\/revisions\/33427"}],"wp:featuredmedia":[{"embeddable":true,"href":"https:\/\/primiciasclorinda.com\/index.php?rest_route=\/wp\/v2\/media\/32681"}],"wp:attachment":[{"href":"https:\/\/primiciasclorinda.com\/index.php?rest_route=%2Fwp%2Fv2%2Fmedia&parent=33426"}],"wp:term":[{"taxonomy":"category","embeddable":true,"href":"https:\/\/primiciasclorinda.com\/index.php?rest_route=%2Fwp%2Fv2%2Fcategories&post=33426"},{"taxonomy":"post_tag","embeddable":true,"href":"https:\/\/primiciasclorinda.com\/index.php?rest_route=%2Fwp%2Fv2%2Ftags&post=33426"}],"curies":[{"name":"wp","href":"https:\/\/api.w.org\/{rel}","templated":true}]}}