{"id":33387,"date":"2024-04-02T11:21:43","date_gmt":"2024-04-02T14:21:43","guid":{"rendered":"http:\/\/primiciasclorinda.com\/?p=33387"},"modified":"2024-04-02T11:21:43","modified_gmt":"2024-04-02T14:21:43","slug":"en-el-homenaje-a-los-caidos-en-malvinas-milei-convoco-a-una-nueva-era-de-reconciliacion-con-las-fuerzas-armadas","status":"publish","type":"post","link":"https:\/\/primiciasclorinda.com\/?p=33387","title":{"rendered":"En el homenaje a los ca\u00eddos en Malvinas, Milei convoc\u00f3 a una nueva era de reconciliaci\u00f3n con las Fuerzas Armadas"},"content":{"rendered":"<p style=\"text-align: justify;\">El Presidente y su vice Victoria Villarruel encabezaron el acto central en el Cenotafio de los Ca\u00eddos. Convocaron a los jefes de las fuerzas y a los veteranos de la Guerra a participar del Pacto de Mayo. Y resaltaron la figura de Julio Argentino Roca.<\/p>\n<p>Durante su discurso, el jefe de Estado convoc\u00f3 a todos los partidos pol\u00edticos y a la sociedad a una nueva era de reconciliaci\u00f3n de los argentinos con las Fuerzas Armadas. \u201cQuiero que trascienda este gobierno y que ronda homenaje sincero a nuestros h\u00e9roes, d\u00e1ndoles a las Fuerzas Armadas el lugar de reconocimiento y apoyo que se merecen\u201d, plante\u00f3.<\/p>\n<p style=\"text-align: justify;\">El mandatario convoc\u00f3 adem\u00e1s a los jefes de las tres fuerzas y a los veteranos de la Guerra de Malvinas a participar como testigos y garantes del Pacto de Mayo que pretende firmar el Gobierno con las provincias el pr\u00f3ximo 25 de mayo, en C\u00f3rdoba.<\/p>\n<p style=\"text-align: justify;\">\u201cLa pol\u00edtica ha querido borrar esto de nuestra memoria colectiva, hostigando y humillando a nuestras fuerzas. \u00bfEs posible el reclamo de soberan\u00eda si la dirigencia de un pa\u00eds se dedica a menospreciar y a hostigar a sus Fuerzas Armadas? \u00bfQu\u00e9 homenaje a los h\u00e9roes de Malvinas puede ser sincero, si en simult\u00e1neo el Estado financia a grupos y organizaciones que no hacen otra cosa que desprestigiar a nuestras fuerzas? A los h\u00e9roes de Malvinas y a nuestras Fuerzas Armadas les digo que ese tiempo se ha acabado. Ustedes son motivo de orgullo para nuestra naci\u00f3n y en esta nueva Argentina tendr\u00e1n el respeto que les ha sido largamente negada\u201d, prometi\u00f3 Milei ante el aplauso de los veteranos que participaron de la convocatoria.<\/p>\n<p style=\"text-align: justify;\">\u201cPero adem\u00e1s, no quiero que el respeto a las Fuerzas Armadas y a los h\u00e9roes de Malvinas sea monopolio de un espacio pol\u00edtico. No, nuestros militares y veteranos se merecen algo m\u00e1s grande y duradero que eso. Por eso convoco al conjunto de la sociedad y a la dirigencia pol\u00edtica a que este 2 de abril inauguremos una nueva era de reconciliaci\u00f3n con las Fuerzas Armadas que trascienda a este gobierno. Una era que rinda homenaje sincero a sus h\u00e9roes, d\u00e1ndole a las Fuerzas Armadas el lugar, el reconocimiento y el apoyo que se merecen. Una era donde el apoyo a las Fuerzas Armadas venga acompa\u00f1ado de una econom\u00eda pr\u00f3spera y pujante para que puedan contar con los recursos y la tecnolog\u00eda necesarias para defender a nuestra patria con dignidad\u201d, complet\u00f3.<\/p>\n<p style=\"text-align: justify;\">El mensaje del Presidente incluy\u00f3 adem\u00e1s definiciones econ\u00f3micas. \u201cPara que los reclamos soberanos sean escuchados y respetados, es condici\u00f3n necesaria que el pa\u00eds y su dirigencia sean respetados; nadie tomar\u00eda en serio el reclamo de defaulteadores seriales\u201d, dijo. Ese respeto -explic\u00f3- se basa en dos condiciones esenciales: la Naci\u00f3n debe ser protagonista en el comercio internacional y sus fuerzas armadas deben ser capaces de defender las fronteras frente a posibles invasiones.<\/p>\n<p style=\"text-align: justify;\">\u201cNadie respeta a un pa\u00eds que s\u00f3lo produce pobreza y cuyos pol\u00edticos desprecian a sus propias fuerzas. Argentina, producto de la dirigencia pol\u00edtica de las \u00faltimas d\u00e9cadas, no ha cumplido ninguna de estas dos condiciones que acabo de se\u00f1alar, no es coincidencia que poco y nada se haya avanzado en el reclamo por nuestras Islas, somos despu\u00e9s de d\u00e9cadas el primer gobierno que se hace cargo de esta situaci\u00f3n y tiene un rumbo claro para ser un pa\u00eds realmente pr\u00f3spero y soberano\u201d, asegur\u00f3.<\/p>\n<p style=\"text-align: justify;\">El homenaje comenz\u00f3 con un sentido abrazo entre Milei y Villarruel, cuyo padre es h\u00e9roe de Malvinas. El Presidente y la vice buscan dejar atr\u00e1s algunas fricciones que surgieron semanas atr\u00e1s. Hubo momentos de la transmisi\u00f3n oficial que se emiti\u00f3 por cadena nacional en la que se pudo ver a la titular del Senado conmocionada hasta las l\u00e1grimas.<\/p>\n<p style=\"text-align: justify;\">Milei resalt\u00f3 la figura del ex presidente Julio Argentino Roca, lo que despert\u00f3 el respaldo de algunos de los invitados al acto. \u201cLa principal inspiraci\u00f3n para nuestro reclamo de soberan\u00eda es el gran general Julio Argentino Roca, el padre de la Argentina moderna, \u00e9l comprendi\u00f3 como nadie el mandato de una econom\u00eda pr\u00f3spera y de una fuerzas armadas respetadas como base de una Naci\u00f3n grande. Este 2 de abril tenemos que retomar su ejemplo\u201d, plante\u00f3.<\/p>\n<p style=\"text-align: justify;\">\u201cY como muestra toda la evidencia emp\u00edrica, no existe prosperidad econ\u00f3mica sin libertad econ\u00f3mica; justamente en materia econ\u00f3mica, los presidentes de la llamada Generaci\u00f3n del 80 no hicieron otra cosa que lo que nosotros proponemos hoy en d\u00eda: un Estado restringido a sus funciones esenciales y libertad para producir, trabajar, comerciar y circular\u201d, desarroll\u00f3.<\/p>\n<p style=\"text-align: justify;\">\u201cGracias a ellos Argentina se pobl\u00f3. Hubo orden, progreso y oportunidad a lo largo y ancho de la patria. De ser una tierra de b\u00e1rbaros pasamos a ser una tierra de oportunidades para millones de inmigrantes que llegaron para forjar su propio destino. Todas las reformas que impulsamos hoy son para que los argentinos volvamos a ser libres y de esta libertad surja una naci\u00f3n fuerte y pr\u00f3spera, con poder real, para reclamar por su soberan\u00eda y ser respetada por otras naciones\u201d, continu\u00f3.<\/p>\n<p style=\"text-align: justify;\">El acto se realiz\u00f3 en el Cenotafio de los Ca\u00eddos, ubicado en Av. Santa Fe y Maip\u00fa, en la Ciudad de Buenos Aires. El jefe de gobierno porte\u00f1o, Jorge Macri, tambi\u00e9n particip\u00f3 del homenaje. Fue el primero en hablar: \u201cNuestros h\u00e9roes hoy y siempre nos recordar\u00e1n que las Malvinas son argentinas\u201d, dijo.<\/p>\n<p style=\"text-align: justify;\">Fuente: Infobae.com<\/p>\n","protected":false},"excerpt":{"rendered":"<div class=\"mh-excerpt\"><p>El Presidente y su vice Victoria Villarruel encabezaron el acto central en el Cenotafio de los Ca\u00eddos. Convocaron a los jefes de las fuerzas y <a class=\"mh-excerpt-more\" href=\"https:\/\/primiciasclorinda.com\/?p=33387\" title=\"En el homenaje a los ca\u00eddos en Malvinas, Milei convoc\u00f3 a una nueva era de reconciliaci\u00f3n con las Fuerzas Armadas\">[&#8230;]<\/a><\/p>\n<\/div>","protected":false},"author":3,"featured_media":0,"comment_status":"open","ping_status":"open","sticky":false,"template":"","format":"standard","meta":{"footnotes":""},"categories":[3],"tags":[388,4142],"class_list":["post-33387","post","type-post","status-publish","format-standard","hentry","category-politica-economia","tag-malvinas","tag-milei"],"_links":{"self":[{"href":"https:\/\/primiciasclorinda.com\/index.php?rest_route=\/wp\/v2\/posts\/33387","targetHints":{"allow":["GET"]}}],"collection":[{"href":"https:\/\/primiciasclorinda.com\/index.php?rest_route=\/wp\/v2\/posts"}],"about":[{"href":"https:\/\/primiciasclorinda.com\/index.php?rest_route=\/wp\/v2\/types\/post"}],"author":[{"embeddable":true,"href":"https:\/\/primiciasclorinda.com\/index.php?rest_route=\/wp\/v2\/users\/3"}],"replies":[{"embeddable":true,"href":"https:\/\/primiciasclorinda.com\/index.php?rest_route=%2Fwp%2Fv2%2Fcomments&post=33387"}],"version-history":[{"count":1,"href":"https:\/\/primiciasclorinda.com\/index.php?rest_route=\/wp\/v2\/posts\/33387\/revisions"}],"predecessor-version":[{"id":33389,"href":"https:\/\/primiciasclorinda.com\/index.php?rest_route=\/wp\/v2\/posts\/33387\/revisions\/33389"}],"wp:attachment":[{"href":"https:\/\/primiciasclorinda.com\/index.php?rest_route=%2Fwp%2Fv2%2Fmedia&parent=33387"}],"wp:term":[{"taxonomy":"category","embeddable":true,"href":"https:\/\/primiciasclorinda.com\/index.php?rest_route=%2Fwp%2Fv2%2Fcategories&post=33387"},{"taxonomy":"post_tag","embeddable":true,"href":"https:\/\/primiciasclorinda.com\/index.php?rest_route=%2Fwp%2Fv2%2Ftags&post=33387"}],"curies":[{"name":"wp","href":"https:\/\/api.w.org\/{rel}","templated":true}]}}