{"id":33241,"date":"2024-02-27T18:44:24","date_gmt":"2024-02-27T21:44:24","guid":{"rendered":"http:\/\/primiciasclorinda.com\/?p=33241"},"modified":"2024-02-27T18:44:24","modified_gmt":"2024-02-27T21:44:24","slug":"hasta-ahora-el-inaes-esta-funcionando-confirmo-fischer","status":"publish","type":"post","link":"https:\/\/primiciasclorinda.com\/?p=33241","title":{"rendered":"\u201cHasta ahora el INAES est\u00e1 funcionando\u201d, confirm\u00f3 Fischer"},"content":{"rendered":"<p style=\"text-align: justify;\">El Instituto Nacional de Asociativismo y Econom\u00eda Social (INAES) es un organismo nacional que en la actualidad depende del Ministerio de Capital Humano, que ejerce las funciones que le competen al Estado en materia de promoci\u00f3n, desarrollo y control de la acci\u00f3n cooperativa y mutual.<\/p>\n<p style=\"text-align: justify;\">En torno al funcionamiento de ese organismo fue consultado por la Agencia de Noticias Formosa (AGENFOR) el subsecretario de Econom\u00eda Social de la provincia, el contador Ricardo Fischer, quien confirm\u00f3 que \u201choy, en un escenario de incertidumbre, el INAES est\u00e1 funcionando\u201d, porque la persona que est\u00e1 en el cargo de presidente del directorio, Marcelo Collomb, \u201ces un abogado de carrera dentro del organismo\u201d, destac\u00f3.<\/p>\n<p style=\"text-align: justify;\">Aunque aclar\u00f3 tambi\u00e9n el funcionario que eso \u201cno significa que pueda pasar cualquier cosa\u201d, pero que \u201chasta ahora\u201d en estos primeros meses de la gesti\u00f3n de Milei \u201cse sigue trabajando de la misma manera\u201d, afirm\u00f3.<\/p>\n<p style=\"text-align: justify;\">Sin embargo, advirti\u00f3, \u201cnuestro miedo es que, as\u00ed como se hizo desaparecer el Ministerio de Infraestructura de la Naci\u00f3n como el INADI, pueda tambi\u00e9n hacerse con el INAES lo mismo\u201d.<\/p>\n<p style=\"text-align: justify;\">Por otro lado, destac\u00f3 Fischer los logros que tuvo el Gobierno nacional anterior del presidente Alberto Fern\u00e1ndez en materia de cooperativas y mutuales, \u201crespecto a la celeridad en el otorgamiento de la matr\u00edcula, entre otros tr\u00e1mites que no se modificaron en nada\u201d con la llegada de esta gesti\u00f3n nacional al Ejecutivo.<\/p>\n<p style=\"text-align: justify;\">M\u00e1s all\u00e1 de eso, volvi\u00f3 a decir que \u201cestamos expectantes\u201d con lo que pueda suceder a futuro, en raz\u00f3n de que, \u201ccomo lo ha se\u00f1alado el senador Jos\u00e9 Mayans, Milei es una persona que tiene sus facultades alteradas\u201d.<\/p>\n<p style=\"text-align: justify;\">Y alert\u00f3 que lo peor que podr\u00eda suceder es que \u201cdesapareciera el INAES\u201d, si bien existe esa preocupaci\u00f3n, tambi\u00e9n aprovech\u00f3 para clarificar que \u201cno hubo modificaci\u00f3n en la forma de trabajo con las provincias\u201d, pero que, \u201ctodo eso no es gracias a Milei, sino a Marcelo Collomb\u201d, hizo notar.<\/p>\n<p style=\"text-align: justify;\">Por otro lado, enfatiz\u00f3 que, \u201cen Formosa, el gobernador Gildo Insfr\u00e1n, tuvo la visi\u00f3n en el a\u00f1o 2011, y previendo que pudiera suceder en el escenario nacional cualquier cosa, es que cre\u00f3 un registro provincial de entidades de la econom\u00eda social en donde desde la Subsecretar\u00eda se otorga una autorizaci\u00f3n para funcionar y una matr\u00edcula a las cooperativas, mutuales y consorcios provincial\u201d.<\/p>\n<p style=\"text-align: justify;\">Detall\u00f3 el funcionario que \u201cla misma se sigue otorgando, siendo una matr\u00edcula muy importante, por cuanto con ella pueden abrir cuentas en los bancos, gestionar tr\u00e1mites en Rentas\u201d.<\/p>\n<p style=\"text-align: justify;\">Por tanto, \u201cestamos trabajando fuertemente con nuestro registro\u201d, cerr\u00f3.<\/p>\n","protected":false},"excerpt":{"rendered":"<div class=\"mh-excerpt\"><p>El Instituto Nacional de Asociativismo y Econom\u00eda Social (INAES) es un organismo nacional que en la actualidad depende del Ministerio de Capital Humano, que ejerce <a class=\"mh-excerpt-more\" href=\"https:\/\/primiciasclorinda.com\/?p=33241\" title=\"\u201cHasta ahora el INAES est\u00e1 funcionando\u201d, confirm\u00f3 Fischer\">[&#8230;]<\/a><\/p>\n<\/div>","protected":false},"author":3,"featured_media":33242,"comment_status":"open","ping_status":"open","sticky":false,"template":"","format":"standard","meta":{"footnotes":""},"categories":[4,3],"tags":[541,23],"class_list":["post-33241","post","type-post","status-publish","format-standard","has-post-thumbnail","hentry","category-informacion-general","category-politica-economia","tag-cooperativas","tag-formosa"],"_links":{"self":[{"href":"https:\/\/primiciasclorinda.com\/index.php?rest_route=\/wp\/v2\/posts\/33241","targetHints":{"allow":["GET"]}}],"collection":[{"href":"https:\/\/primiciasclorinda.com\/index.php?rest_route=\/wp\/v2\/posts"}],"about":[{"href":"https:\/\/primiciasclorinda.com\/index.php?rest_route=\/wp\/v2\/types\/post"}],"author":[{"embeddable":true,"href":"https:\/\/primiciasclorinda.com\/index.php?rest_route=\/wp\/v2\/users\/3"}],"replies":[{"embeddable":true,"href":"https:\/\/primiciasclorinda.com\/index.php?rest_route=%2Fwp%2Fv2%2Fcomments&post=33241"}],"version-history":[{"count":1,"href":"https:\/\/primiciasclorinda.com\/index.php?rest_route=\/wp\/v2\/posts\/33241\/revisions"}],"predecessor-version":[{"id":33243,"href":"https:\/\/primiciasclorinda.com\/index.php?rest_route=\/wp\/v2\/posts\/33241\/revisions\/33243"}],"wp:featuredmedia":[{"embeddable":true,"href":"https:\/\/primiciasclorinda.com\/index.php?rest_route=\/wp\/v2\/media\/33242"}],"wp:attachment":[{"href":"https:\/\/primiciasclorinda.com\/index.php?rest_route=%2Fwp%2Fv2%2Fmedia&parent=33241"}],"wp:term":[{"taxonomy":"category","embeddable":true,"href":"https:\/\/primiciasclorinda.com\/index.php?rest_route=%2Fwp%2Fv2%2Fcategories&post=33241"},{"taxonomy":"post_tag","embeddable":true,"href":"https:\/\/primiciasclorinda.com\/index.php?rest_route=%2Fwp%2Fv2%2Ftags&post=33241"}],"curies":[{"name":"wp","href":"https:\/\/api.w.org\/{rel}","templated":true}]}}