{"id":33042,"date":"2024-01-26T10:39:20","date_gmt":"2024-01-26T13:39:20","guid":{"rendered":"http:\/\/primiciasclorinda.com\/?p=33042"},"modified":"2024-01-26T10:39:20","modified_gmt":"2024-01-26T13:39:20","slug":"milei-participara-del-acto-por-el-dia-en-memoria-de-las-victimas-del-holocausto","status":"publish","type":"post","link":"https:\/\/primiciasclorinda.com\/?p=33042","title":{"rendered":"Milei participar\u00e1 del acto por el D\u00eda en Memoria de las V\u00edctimas del Holocausto"},"content":{"rendered":"<p style=\"text-align: justify;\">El Presidente, el titular de la instituci\u00f3n, Marcelo Mindlin y un sobreviviente de la Sho\u00e1. Se realizar\u00e1 la tradicional ceremonia de encendido de las velas del candelabro jud\u00edo.<\/p>\n<p style=\"text-align: justify;\">El presidente Javier Milei participar\u00e1 este viernes en el Museo del Holocausto del acto conmemorativo por el D\u00eda Internacional en Memoria de las V\u00edctimas del Holocausto, establecido por las Naciones Unidas para recordar la liberaci\u00f3n en 1945 del campo de concentraci\u00f3n y exterminio nazi de Auschwitz-Birkenau por las tropas sovi\u00e9ticas, indicaron fuentes oficiales.<\/p>\n<p style=\"text-align: justify;\">Durante el acto, previsto para las 11 en la sede del museo, ubicado Montevideo 919 de esta capital, hablar\u00e1n Milei; el presidente de la instituci\u00f3n, Marcelo Mindlin, y un sobreviviente de la Sho\u00e1, y se realizar\u00e1 la tradicional ceremonia de encendido de las velas del candelabro jud\u00edo en honor y memoria de las v\u00edctimas jud\u00edas del Holocausto.<\/p>\n<p style=\"text-align: justify;\">La conmemoraci\u00f3n fue establecida con car\u00e1cter universal en el a\u00f1o 2005, por la Asamblea General de las Naciones Unidas (ONU), que aprob\u00f3 la Resoluci\u00f3n A\/RES\/60\/7, titulada Recordaci\u00f3n del Holocausto, la cual estableci\u00f3 la fecha del 27 de enero como el D\u00eda Internacional en Conmemoraci\u00f3n de las V\u00edctimas del Holocausto.<\/p>\n<p style=\"text-align: justify;\">Desde entonces y como parte integral de la pol\u00edtica de derechos humanos de la Argentina y de los compromisos asumidos en el marco de la Alianza Internacional para la Memoria del Holocausto (IHRA), cada 27 de enero nuestro pa\u00eds realiza un acto conmemorativo.<\/p>\n<p style=\"text-align: justify;\">En esta oportunidad se realizar\u00e1 este viernes ya que la fecha del 27 coincide con el shabat, el d\u00eda sagrado del juda\u00edsmo durante el cual no se realizan actividades laborales, entre otras prescripciones religiosas.<\/p>\n<p style=\"text-align: justify;\">La Argentina es el \u00fanico pa\u00eds latinoamericano miembro pleno de la IHRA a partir de la suscripci\u00f3n de la Declaraci\u00f3n de Estocolmo en el a\u00f1o 2000. La Alianza es una organizaci\u00f3n intergubernamental conformada por 35 Estados cuyo objetivo es luchar contra los actos de antisemitismo, intolerancia y discriminaci\u00f3n que puedan conducir a genocidios como los vividos por la humanidad en el siglo XX.<\/p>\n<p style=\"text-align: justify;\">Para ello, asume el compromiso de abordar la tem\u00e1tica del Holocausto desde una triple perspectiva: la educaci\u00f3n, la rememoraci\u00f3n y la investigaci\u00f3n.<\/p>\n","protected":false},"excerpt":{"rendered":"<div class=\"mh-excerpt\"><p>El Presidente, el titular de la instituci\u00f3n, Marcelo Mindlin y un sobreviviente de la Sho\u00e1. Se realizar\u00e1 la tradicional ceremonia de encendido de las velas <a class=\"mh-excerpt-more\" href=\"https:\/\/primiciasclorinda.com\/?p=33042\" title=\"Milei participar\u00e1 del acto por el D\u00eda en Memoria de las V\u00edctimas del Holocausto\">[&#8230;]<\/a><\/p>\n<\/div>","protected":false},"author":3,"featured_media":33043,"comment_status":"open","ping_status":"open","sticky":false,"template":"","format":"standard","meta":{"footnotes":""},"categories":[3],"tags":[4142],"class_list":["post-33042","post","type-post","status-publish","format-standard","has-post-thumbnail","hentry","category-politica-economia","tag-milei"],"_links":{"self":[{"href":"https:\/\/primiciasclorinda.com\/index.php?rest_route=\/wp\/v2\/posts\/33042","targetHints":{"allow":["GET"]}}],"collection":[{"href":"https:\/\/primiciasclorinda.com\/index.php?rest_route=\/wp\/v2\/posts"}],"about":[{"href":"https:\/\/primiciasclorinda.com\/index.php?rest_route=\/wp\/v2\/types\/post"}],"author":[{"embeddable":true,"href":"https:\/\/primiciasclorinda.com\/index.php?rest_route=\/wp\/v2\/users\/3"}],"replies":[{"embeddable":true,"href":"https:\/\/primiciasclorinda.com\/index.php?rest_route=%2Fwp%2Fv2%2Fcomments&post=33042"}],"version-history":[{"count":1,"href":"https:\/\/primiciasclorinda.com\/index.php?rest_route=\/wp\/v2\/posts\/33042\/revisions"}],"predecessor-version":[{"id":33044,"href":"https:\/\/primiciasclorinda.com\/index.php?rest_route=\/wp\/v2\/posts\/33042\/revisions\/33044"}],"wp:featuredmedia":[{"embeddable":true,"href":"https:\/\/primiciasclorinda.com\/index.php?rest_route=\/wp\/v2\/media\/33043"}],"wp:attachment":[{"href":"https:\/\/primiciasclorinda.com\/index.php?rest_route=%2Fwp%2Fv2%2Fmedia&parent=33042"}],"wp:term":[{"taxonomy":"category","embeddable":true,"href":"https:\/\/primiciasclorinda.com\/index.php?rest_route=%2Fwp%2Fv2%2Fcategories&post=33042"},{"taxonomy":"post_tag","embeddable":true,"href":"https:\/\/primiciasclorinda.com\/index.php?rest_route=%2Fwp%2Fv2%2Ftags&post=33042"}],"curies":[{"name":"wp","href":"https:\/\/api.w.org\/{rel}","templated":true}]}}