{"id":32996,"date":"2024-01-18T11:07:53","date_gmt":"2024-01-18T14:07:53","guid":{"rendered":"http:\/\/primiciasclorinda.com\/?p=32996"},"modified":"2024-01-18T11:07:53","modified_gmt":"2024-01-18T14:07:53","slug":"milei-defendio-las-politicas-de-mercado-y-el-capitalismo-occidente-esta-en-peligro","status":"publish","type":"post","link":"https:\/\/primiciasclorinda.com\/?p=32996","title":{"rendered":"Milei defendi\u00f3 las pol\u00edticas de mercado y el capitalismo: \u00abOccidente est\u00e1 en peligro\u00bb"},"content":{"rendered":"<p style=\"text-align: justify;\">Durante su intervenci\u00f3n en el Foro Econ\u00f3mico Global ante jefes de Estado y empresarios de las finanzas, el Presidente pidi\u00f3 defender el capitalismo por ser \u00abjusto y moralmente superior\u00bb, y cuya implementaci\u00f3n llev\u00f3 al mundo actual a ser \u00abm\u00e1s rico, libre, pac\u00edfico y pr\u00f3spero que en cualquier otro momento de la historia\u00bb.<\/p>\n<p style=\"text-align: justify;\">El presidente Javier Milei defendi\u00f3 este mi\u00e9rcoles al capitalismo para \u00abterminar con la pobreza y el hambre en el planeta\u00bb y asegur\u00f3 que \u00abOccidente est\u00e1 en peligro\u00bb amenazado por \u00abel socialismo que lleva a la pobreza\u00bb, en el marco de su exposici\u00f3n en el Foro Econ\u00f3mico Mundial de Davos, Suiza, donde adem\u00e1s se entrevist\u00f3 con la titular del FMI, Kristalina Georgieva, y con el canciller brit\u00e1nico, David Cameron.<\/p>\n<p style=\"text-align: justify;\">\u00abEl capitalismo de libre empresa es la \u00fanica herramienta que tenemos para terminar con el hambre y la pobreza en el planeta\u00bb, afirm\u00f3 el Presidente al exponer este mediod\u00eda en el foro donde se re\u00fanen los jefes de Estado y empresarios de las finanzas de todo el mundo.<\/p>\n<p style=\"text-align: justify;\">Milei afirm\u00f3 que el capitalismo es un sistema pol\u00edtico y econ\u00f3mico \u00abjusto y moralmente superior\u00bb, cuya implementaci\u00f3n llev\u00f3 al mundo actual a ser \u00abm\u00e1s rico, libre, pac\u00edfico y pr\u00f3spero que en cualquier otro momento de la historia\u00bb.<\/p>\n<p style=\"text-align: justify;\">\u00abHoy estoy ac\u00e1 para decirles que Occidente est\u00e1 en peligro\u00bb porque \u00abaquellos que supuestamente deben defender sus valores se encuentran cooptados por una visi\u00f3n del mundo que inexorablemente conduce al socialismo y en consecuencia a la pobreza\u00bb, subray\u00f3 el economista.<\/p>\n<p style=\"text-align: justify;\">En ese sentido, Milei opin\u00f3 que \u00abla doxa (opini\u00f3n, creencia) de izquierda atac\u00f3 al capitalismo por una cuesti\u00f3n de moralidad\u00bb y sostuvo que la \u00abjusticia social no aporta al bienestar general\u00bb de las poblaciones porque \u00abse financia a trav\u00e9s de impuestos que se cobran de manera coactiva\u00bb.<\/p>\n<p style=\"text-align: justify;\">Para el Presidente, desde que la Argentina \u00ababandon\u00f3 hace 100 a\u00f1os el modelo de la libertad\u00bb y puso en pr\u00e1ctica pol\u00edticas \u00abcolectivistas\u00bb, los argentinos son \u00abm\u00e1s pobres\u00bb.<\/p>\n<p style=\"text-align: justify;\">\u00abEl empresario exitoso es un benefactor social que lejos de apropiarse de la riqueza ajena, contribuye al bienestar general. En definitiva, un empresario exitoso es un h\u00e9roe\u00bb, asegur\u00f3.<\/p>\n<p style=\"text-align: justify;\">Por ese motivo, los inst\u00f3 a que \u00abno cedan al avance del Estado\u00bb porque \u00abno es la soluci\u00f3n, sino el problema en s\u00ed mismo\u00bb.<\/p>\n<p style=\"text-align: justify;\">En otro tramo de su discurso, Milei critic\u00f3 la \u00abagenda del feminismo radical\u00bb que consider\u00f3 que plantea una \u00abpelea rid\u00edcula y antinatural entre el hombre y la mujer\u00bb y que solo devino en \u00abmayor intervenci\u00f3n del Estado\u00bb.<\/p>\n<p style=\"text-align: justify;\">\u00abOtro de los conflictos que los socialistas plantean es el hombre contra la naturaleza. Sostienen que los seres humanos da\u00f1amos el planeta y que debe ser protegido a toda costa, incluso llegando a bregar por mecanismos de control poblacional o en la agenda sangrienta del aborto\u00bb, alert\u00f3.<\/p>\n<p style=\"text-align: justify;\">Antes de esa presentaci\u00f3n, Milei mantuvo un encuentro con el secretario de Estado para las Relaciones Internacionales del Reino Unido, David Cameron, junto a la canciller Diana Mondino.<\/p>\n<p style=\"text-align: justify;\">\u00abFue una reuni\u00f3n excelente, muy cordial y hablamos de profundizar los v\u00ednculos comerciales, el apoyo que nos van a dar en el FMI y como promover las inversiones inglesas en Argentina\u00bb, se\u00f1al\u00f3 Milei en un video publicado por el portal Infobae.<\/p>\n<p style=\"text-align: justify;\">En esta l\u00ednea, respondi\u00f3 que \u00abno avanzamos en profundidad\u00bb sobre la causa Malvinas, pero asegur\u00f3 que \u00abs\u00ed lo fijamos como un punto en una agenda\u00bb y que Mondino y Cameron \u00abavanzar\u00e1n en buscar una soluci\u00f3n al tema\u00bb, asegur\u00f3 Milei, seg\u00fan confirmaron tambi\u00e9n fuentes oficiales.<\/p>\n<p style=\"text-align: justify;\">El jefe de Estado afirm\u00f3 que durante el encuentro con el exprimer ministro brit\u00e1nico \u00abno se mencion\u00f3\u00bb la posibilidad de realizar una visita al Reino Unido.<\/p>\n<p style=\"text-align: justify;\">A su turno, el responsable de la diplomacia brit\u00e1nica afirm\u00f3 que \u00abhay mucho que el Reino Unido y Argentina pueden conseguir trabajando juntos\u00bb.<\/p>\n<p style=\"text-align: justify;\">\u00abMe encontr\u00e9 con el presidente Javier Milei para discutir la construcci\u00f3n de una cooperaci\u00f3n comercial y en el combate de amenazas globales\u00bb, afirm\u00f3 Cameron en un mensaje publicado su cuenta de la red social X.<\/p>\n<p style=\"text-align: justify;\">Y afirm\u00f3 que le \u00abdeseo suerte (al mandatario argentino) en su intento de traer a la Argentina de vuelta hacia el crecimiento econ\u00f3mico\u00bb.<\/p>\n<p style=\"text-align: justify;\">M\u00e1s tarde, Milei mantuvo un encuentro con Georgieva, directora gerente del FMI, y la primera subdirectora gerente del organismo, Gita Gopinath, del que participaron tambi\u00e9n la secretaria general de la Presidencia, Karina Milei; el designado embajador argentino en Estados Unidos, Gerardo Werthein; el jefe de Gabinete, Nicol\u00e1s Posse, y el ministro de Econom\u00eda, Luis Caputo.<\/p>\n<p style=\"text-align: justify;\">Georgieva calific\u00f3 de \u00abmuy buena\u00bb la reuni\u00f3n con Milei y dijo que durante el encuentro ambos hablaron \u00absobre los profundos desaf\u00edos econ\u00f3micos y sociales de la Argentina\u00bb.<\/p>\n<p style=\"text-align: justify;\">A trav\u00e9s de su cuenta en X, Georgieva se\u00f1al\u00f3 que en la reuni\u00f3n tambi\u00e9n dialogaron sobre \u00ablas medidas decisivas que se est\u00e1n tomando (en Argentina) para reducir la inflaci\u00f3n, promover el crecimiento liderado por el sector privado y utilizar el escaso dinero p\u00fablico para ayudar a las personas m\u00e1s vulnerables\u00bb.<\/p>\n<p style=\"text-align: justify;\">Antes del encuentro con el Presidente, Caputo y Posse sostuvieron una reuni\u00f3n con la titular del organismo.<\/p>\n<p style=\"text-align: justify;\">Milei mantuvo tambi\u00e9n un encuentro con la reina M\u00e1xima de los Pa\u00edses Bajos, quien asiste al Foro de Davos en su calidad de Defensora Especial del Secretario General de las Naciones Unidas para las Finanzas Inclusivas para el Desarrollo (Unsgsa), y del que participaron adem\u00e1s el primer ministro de ese pa\u00eds Mark Rutte, Karina Milei y Werthein.<\/p>\n<p style=\"text-align: justify;\">En tanto, Posse, Caputo y Mondino expusieron en Davos sobre las reformas econ\u00f3micas impulsadas por Milei en el panel \u00abDi\u00e1logo de estrategia pa\u00eds sobre Argentina\u00bb, en el marco del Foro.<\/p>\n<p style=\"text-align: justify;\">Durante el encuentro, moderado por el expresidente del Banco Interamericano de Desarrollo (BID) Luis Alberto Moreno, se dialog\u00f3 tambi\u00e9n sobre la agenda del desarrollo, la tecnolog\u00eda y la inteligencia artificial en la regi\u00f3n.<\/p>\n<p style=\"text-align: justify;\">En los m\u00e1rgenes del Foro de Davos, Mondino tuvo bilaterales con sus pares de Pa\u00edses Bajos, la ministra Hanke Bruins Slot; de Lituania, Gabrielius Landsbergis, y de la Rep\u00fablica Checa, Jan Lipavsky, adem\u00e1s de una reuni\u00f3n con la secretaria de Estado para Asuntos Econ\u00f3micos de Suiza, Helene Budliger Artieda, y el comisario de Comercio de la Uni\u00f3n Europea, Valdis Dombrovskis.<\/p>\n<p style=\"text-align: justify;\">En primer lugar, Mondino particip\u00f3 del encuentro \u00abCountry Strategy Dialogue on Argentina\u00bb, al que asistieron directivos de empresas y holdings de diversos sectores y pa\u00edses.<\/p>\n<p style=\"text-align: justify;\">En tanto, Posse y Caputo mantuvieron reuniones con directivos de las firmas Amazon, Glencore, Total, MSD y Naturgy.<\/p>\n<p style=\"text-align: justify;\">Amazon Web manifest\u00f3 su inter\u00e9s por la Argentina, destac\u00f3 las capacidades del capital humano argentino y enfatiz\u00f3 en las ventajas para los emprendedores. Glencore, la compa\u00f1\u00eda global de recursos naturales con sede en Suiza, manifest\u00f3 su inter\u00e9s en ampliar sus inversiones a futuro en la Argentina, as\u00ed como Total, la firma energ\u00e9tica de origen franc\u00e9s con una importante operaci\u00f3n en el pa\u00eds.<\/p>\n<p style=\"text-align: justify;\">Tambi\u00e9n tuvo lugar un encuentro con Joseph Romanelli, presidente de Salud Humana Internacional de MSD Merck, la multinacional farmac\u00e9utica con sede en Nueva Jersey, Estados Unidos.<\/p>\n<p style=\"text-align: justify;\">La agenda concluy\u00f3 con un intercambio con directivos de Naturgy, la empresa energ\u00e9tica espa\u00f1ola que opera en los sectores el\u00e9ctrico y gas\u00edstico.<\/p>\n<p style=\"text-align: justify;\">Posse y Caputo se reunieron adem\u00e1s con el secretario de Pol\u00edticas Financieras y Europeas de Alemania, Joerg Kukies, y el ministro de Asuntos Especiales del Gobierno alem\u00e1n, Wolfgang Schmid, en una conversaci\u00f3n que gir\u00f3 en torno a las energ\u00edas sustentables y miner\u00eda.<\/p>\n<p style=\"text-align: justify;\">El jueves, el Presidente emprender\u00e1 regreso al pa\u00eds, cuando a las 15.55 hora local (11.55 de la Argentina), aborde un vuelo hacia Frankfurt, y a las 18.05 (14.05 hora argentina) parta desde ese aeropuerto alem\u00e1n hacia Ezeiza, adonde llegar\u00e1 el viernes a las 7.55.<\/p>\n","protected":false},"excerpt":{"rendered":"<div class=\"mh-excerpt\"><p>Durante su intervenci\u00f3n en el Foro Econ\u00f3mico Global ante jefes de Estado y empresarios de las finanzas, el Presidente pidi\u00f3 defender el capitalismo por ser <a class=\"mh-excerpt-more\" href=\"https:\/\/primiciasclorinda.com\/?p=32996\" title=\"Milei defendi\u00f3 las pol\u00edticas de mercado y el capitalismo: \u00abOccidente est\u00e1 en peligro\u00bb\">[&#8230;]<\/a><\/p>\n<\/div>","protected":false},"author":3,"featured_media":32997,"comment_status":"open","ping_status":"open","sticky":false,"template":"","format":"standard","meta":{"footnotes":""},"categories":[3],"tags":[4142,4270],"class_list":["post-32996","post","type-post","status-publish","format-standard","has-post-thumbnail","hentry","category-politica-economia","tag-milei","tag-milei-en-davos"],"_links":{"self":[{"href":"https:\/\/primiciasclorinda.com\/index.php?rest_route=\/wp\/v2\/posts\/32996","targetHints":{"allow":["GET"]}}],"collection":[{"href":"https:\/\/primiciasclorinda.com\/index.php?rest_route=\/wp\/v2\/posts"}],"about":[{"href":"https:\/\/primiciasclorinda.com\/index.php?rest_route=\/wp\/v2\/types\/post"}],"author":[{"embeddable":true,"href":"https:\/\/primiciasclorinda.com\/index.php?rest_route=\/wp\/v2\/users\/3"}],"replies":[{"embeddable":true,"href":"https:\/\/primiciasclorinda.com\/index.php?rest_route=%2Fwp%2Fv2%2Fcomments&post=32996"}],"version-history":[{"count":1,"href":"https:\/\/primiciasclorinda.com\/index.php?rest_route=\/wp\/v2\/posts\/32996\/revisions"}],"predecessor-version":[{"id":32998,"href":"https:\/\/primiciasclorinda.com\/index.php?rest_route=\/wp\/v2\/posts\/32996\/revisions\/32998"}],"wp:featuredmedia":[{"embeddable":true,"href":"https:\/\/primiciasclorinda.com\/index.php?rest_route=\/wp\/v2\/media\/32997"}],"wp:attachment":[{"href":"https:\/\/primiciasclorinda.com\/index.php?rest_route=%2Fwp%2Fv2%2Fmedia&parent=32996"}],"wp:term":[{"taxonomy":"category","embeddable":true,"href":"https:\/\/primiciasclorinda.com\/index.php?rest_route=%2Fwp%2Fv2%2Fcategories&post=32996"},{"taxonomy":"post_tag","embeddable":true,"href":"https:\/\/primiciasclorinda.com\/index.php?rest_route=%2Fwp%2Fv2%2Ftags&post=32996"}],"curies":[{"name":"wp","href":"https:\/\/api.w.org\/{rel}","templated":true}]}}