{"id":32750,"date":"2023-12-20T08:36:53","date_gmt":"2023-12-20T11:36:53","guid":{"rendered":"http:\/\/primiciasclorinda.com\/?p=32750"},"modified":"2023-12-20T08:36:53","modified_gmt":"2023-12-20T11:36:53","slug":"fallecieron-dos-personas-tras-choque-frontal-sobre-ruta-81","status":"publish","type":"post","link":"https:\/\/primiciasclorinda.com\/?p=32750","title":{"rendered":"Fallecieron dos personas tras choque frontal sobre ruta 81"},"content":{"rendered":"<p style=\"text-align: justify;\">Alrededor de las 13.30 de hoy se produjo un choque fatal sobre la Ruta Nacional N\u00ba 81, a la altura del km 1208, en jurisdicci\u00f3n de Mariano Boedo. Como consecuencia del choque entre un auto y una camioneta, dos personas fallecieron.<\/p>\n<p>A trav\u00e9s de un llamado al 911, personal policial tom\u00f3 conocimiento del siniestro vial y se dirigi\u00f3 al lugar del hecho. Una vez all\u00ed se encontraron con un auto Fiat Cronos de color rojo y una camioneta Volkswagen Amarok de color blanco.<\/p>\n<p>Del trabajo realizado, pudieron determinar que el auto se desplazaba con destino hacia la ciudad de Formosa capital y la camioneta hacia la localidad de Ingeniero Ju\u00e1rez, y por causas que se tratan de establecer chocaron de manera frontal.<\/p>\n<p>Como consecuencia del hecho falleci\u00f3 en el acto el conductor del Fiat Cronos, quien fue identificado como Iv\u00e1n Edgardo Ram\u00edrez, con domicilio en la provincia de Corrientes, seg\u00fan los documentos que llevaba consigo. La misma tr\u00e1gica suerte corri\u00f3 el acompa\u00f1ante de la Amarok, cuya identidad a\u00fan se desconoce.<\/p>\n<p>Una ambulancia del Sipec traslad\u00f3, momentos antes del arribo de los uniformados, al conductor de la camioneta que presentaba m\u00faltiples heridas, hacia el Hospital Central para su atenci\u00f3n. Sus datos tampoco fueron confirmados a\u00fan por la Polic\u00eda.<\/p>\n<p><img loading=\"lazy\" decoding=\"async\" class=\"alignnone size-full wp-image-32753\" src=\"http:\/\/primiciasclorinda.com\/wp-content\/uploads\/2023\/12\/412282294_394116179860170_1851465552733730198_n.jpg\" alt=\"\" width=\"1440\" height=\"959\" srcset=\"https:\/\/primiciasclorinda.com\/wp-content\/uploads\/2023\/12\/412282294_394116179860170_1851465552733730198_n.jpg 1440w, https:\/\/primiciasclorinda.com\/wp-content\/uploads\/2023\/12\/412282294_394116179860170_1851465552733730198_n-300x200.jpg 300w, https:\/\/primiciasclorinda.com\/wp-content\/uploads\/2023\/12\/412282294_394116179860170_1851465552733730198_n-768x511.jpg 768w, https:\/\/primiciasclorinda.com\/wp-content\/uploads\/2023\/12\/412282294_394116179860170_1851465552733730198_n-450x300.jpg 450w\" sizes=\"auto, (max-width: 1440px) 100vw, 1440px\" \/><\/p>\n","protected":false},"excerpt":{"rendered":"<div class=\"mh-excerpt\"><p>Alrededor de las 13.30 de hoy se produjo un choque fatal sobre la Ruta Nacional N\u00ba 81, a la altura del km 1208, en jurisdicci\u00f3n <a class=\"mh-excerpt-more\" href=\"https:\/\/primiciasclorinda.com\/?p=32750\" title=\"Fallecieron dos personas tras choque frontal sobre ruta 81\">[&#8230;]<\/a><\/p>\n<\/div>","protected":false},"author":3,"featured_media":32751,"comment_status":"open","ping_status":"open","sticky":false,"template":"","format":"standard","meta":{"footnotes":""},"categories":[4,10],"tags":[527,1489],"class_list":["post-32750","post","type-post","status-publish","format-standard","has-post-thumbnail","hentry","category-informacion-general","category-policiales","tag-ruta-81","tag-siniestro-fatal"],"_links":{"self":[{"href":"https:\/\/primiciasclorinda.com\/index.php?rest_route=\/wp\/v2\/posts\/32750","targetHints":{"allow":["GET"]}}],"collection":[{"href":"https:\/\/primiciasclorinda.com\/index.php?rest_route=\/wp\/v2\/posts"}],"about":[{"href":"https:\/\/primiciasclorinda.com\/index.php?rest_route=\/wp\/v2\/types\/post"}],"author":[{"embeddable":true,"href":"https:\/\/primiciasclorinda.com\/index.php?rest_route=\/wp\/v2\/users\/3"}],"replies":[{"embeddable":true,"href":"https:\/\/primiciasclorinda.com\/index.php?rest_route=%2Fwp%2Fv2%2Fcomments&post=32750"}],"version-history":[{"count":1,"href":"https:\/\/primiciasclorinda.com\/index.php?rest_route=\/wp\/v2\/posts\/32750\/revisions"}],"predecessor-version":[{"id":32754,"href":"https:\/\/primiciasclorinda.com\/index.php?rest_route=\/wp\/v2\/posts\/32750\/revisions\/32754"}],"wp:featuredmedia":[{"embeddable":true,"href":"https:\/\/primiciasclorinda.com\/index.php?rest_route=\/wp\/v2\/media\/32751"}],"wp:attachment":[{"href":"https:\/\/primiciasclorinda.com\/index.php?rest_route=%2Fwp%2Fv2%2Fmedia&parent=32750"}],"wp:term":[{"taxonomy":"category","embeddable":true,"href":"https:\/\/primiciasclorinda.com\/index.php?rest_route=%2Fwp%2Fv2%2Fcategories&post=32750"},{"taxonomy":"post_tag","embeddable":true,"href":"https:\/\/primiciasclorinda.com\/index.php?rest_route=%2Fwp%2Fv2%2Ftags&post=32750"}],"curies":[{"name":"wp","href":"https:\/\/api.w.org\/{rel}","templated":true}]}}