{"id":32745,"date":"2023-12-19T09:18:40","date_gmt":"2023-12-19T12:18:40","guid":{"rendered":"http:\/\/primiciasclorinda.com\/?p=32745"},"modified":"2023-12-19T09:18:40","modified_gmt":"2023-12-19T12:18:40","slug":"cortaron-fibra-optica-nuevamente-la-cooperativa-clorinda-fue-victima-de-los-delincuentes","status":"publish","type":"post","link":"https:\/\/primiciasclorinda.com\/?p=32745","title":{"rendered":"Cortaron fibra \u00f3ptica: nuevamente la Cooperativa Clorinda fue victima de los delincuentes"},"content":{"rendered":"<p style=\"text-align: justify;\">En la zona de calle San Vicente de Paul entre Venezuela y Ruta camino a Pilcomayo este s\u00e1bado se produjo el corte de una red de fibra \u00f3ptica por parte de delincuentes que ya lo han hecho en otros sectores de la ciudad con la red de servicios. La Cooperativa Clorinda ha realizado innumerables denuncias, ha informado al ente regulador ENACON, sobre estos robos que producen la falta de servicios en distintas zonas de la ciudad y del interior provincial. En el lugar se hicieron presentes el Presidente del Consejo de Administraci\u00f3n, Gustavo L\u00f3pez, el Ing. Domingo Salerno y el personal de la Central Dos, que inmediatamente se puso a trabajar para solucionar los problemas en el sector.<\/p>\n<p style=\"text-align: justify;\">\u00abEste da\u00f1o causo que la Central Tres deje de brindar servicio al sector sur de la ciudad, los delincuentes cortaron la fibra \u00f3ptica en b\u00fasqueda de cobre para su posterior venta y al no encontrar esto en la fibra la dejaron cortada y no se la llevaron por falta de valor de reventa\u00bb, explic\u00f3 el Presidente, L\u00f3pez.<\/p>\n<p style=\"text-align: justify;\">Esto conlleva da\u00f1os econ\u00f3micos a la instituci\u00f3n y deja sin servicios a cientos de vecinos. Por suerte ya se han solucionado los reclamos en el sector pero no deja de ser otro hecho delictivo contra los activos de la Cooperativa Clorinda.<\/p>\n<p><img loading=\"lazy\" decoding=\"async\" class=\"alignnone size-full wp-image-32747\" src=\"http:\/\/primiciasclorinda.com\/wp-content\/uploads\/2023\/12\/WhatsApp-Image-2023-12-16-at-10.14.44-1.jpeg\" alt=\"\" width=\"1280\" height=\"1280\" srcset=\"https:\/\/primiciasclorinda.com\/wp-content\/uploads\/2023\/12\/WhatsApp-Image-2023-12-16-at-10.14.44-1.jpeg 1280w, https:\/\/primiciasclorinda.com\/wp-content\/uploads\/2023\/12\/WhatsApp-Image-2023-12-16-at-10.14.44-1-150x150.jpeg 150w, https:\/\/primiciasclorinda.com\/wp-content\/uploads\/2023\/12\/WhatsApp-Image-2023-12-16-at-10.14.44-1-300x300.jpeg 300w, https:\/\/primiciasclorinda.com\/wp-content\/uploads\/2023\/12\/WhatsApp-Image-2023-12-16-at-10.14.44-1-768x768.jpeg 768w\" sizes=\"auto, (max-width: 1280px) 100vw, 1280px\" \/> <img loading=\"lazy\" decoding=\"async\" class=\"alignnone size-full wp-image-32748\" src=\"http:\/\/primiciasclorinda.com\/wp-content\/uploads\/2023\/12\/WhatsApp-Image-2023-12-16-at-10.14.45.jpeg\" alt=\"\" width=\"1280\" height=\"1280\" srcset=\"https:\/\/primiciasclorinda.com\/wp-content\/uploads\/2023\/12\/WhatsApp-Image-2023-12-16-at-10.14.45.jpeg 1280w, https:\/\/primiciasclorinda.com\/wp-content\/uploads\/2023\/12\/WhatsApp-Image-2023-12-16-at-10.14.45-150x150.jpeg 150w, https:\/\/primiciasclorinda.com\/wp-content\/uploads\/2023\/12\/WhatsApp-Image-2023-12-16-at-10.14.45-300x300.jpeg 300w, https:\/\/primiciasclorinda.com\/wp-content\/uploads\/2023\/12\/WhatsApp-Image-2023-12-16-at-10.14.45-768x768.jpeg 768w\" sizes=\"auto, (max-width: 1280px) 100vw, 1280px\" \/><\/p>\n","protected":false},"excerpt":{"rendered":"<div class=\"mh-excerpt\"><p>En la zona de calle San Vicente de Paul entre Venezuela y Ruta camino a Pilcomayo este s\u00e1bado se produjo el corte de una red <a class=\"mh-excerpt-more\" href=\"https:\/\/primiciasclorinda.com\/?p=32745\" title=\"Cortaron fibra \u00f3ptica: nuevamente la Cooperativa Clorinda fue victima de los delincuentes\">[&#8230;]<\/a><\/p>\n<\/div>","protected":false},"author":3,"featured_media":32746,"comment_status":"open","ping_status":"open","sticky":false,"template":"","format":"standard","meta":{"footnotes":""},"categories":[4,10],"tags":[26,117,3537],"class_list":["post-32745","post","type-post","status-publish","format-standard","has-post-thumbnail","hentry","category-informacion-general","category-policiales","tag-clorinda","tag-cooperativa-clorinda","tag-delincuentes"],"_links":{"self":[{"href":"https:\/\/primiciasclorinda.com\/index.php?rest_route=\/wp\/v2\/posts\/32745","targetHints":{"allow":["GET"]}}],"collection":[{"href":"https:\/\/primiciasclorinda.com\/index.php?rest_route=\/wp\/v2\/posts"}],"about":[{"href":"https:\/\/primiciasclorinda.com\/index.php?rest_route=\/wp\/v2\/types\/post"}],"author":[{"embeddable":true,"href":"https:\/\/primiciasclorinda.com\/index.php?rest_route=\/wp\/v2\/users\/3"}],"replies":[{"embeddable":true,"href":"https:\/\/primiciasclorinda.com\/index.php?rest_route=%2Fwp%2Fv2%2Fcomments&post=32745"}],"version-history":[{"count":1,"href":"https:\/\/primiciasclorinda.com\/index.php?rest_route=\/wp\/v2\/posts\/32745\/revisions"}],"predecessor-version":[{"id":32749,"href":"https:\/\/primiciasclorinda.com\/index.php?rest_route=\/wp\/v2\/posts\/32745\/revisions\/32749"}],"wp:featuredmedia":[{"embeddable":true,"href":"https:\/\/primiciasclorinda.com\/index.php?rest_route=\/wp\/v2\/media\/32746"}],"wp:attachment":[{"href":"https:\/\/primiciasclorinda.com\/index.php?rest_route=%2Fwp%2Fv2%2Fmedia&parent=32745"}],"wp:term":[{"taxonomy":"category","embeddable":true,"href":"https:\/\/primiciasclorinda.com\/index.php?rest_route=%2Fwp%2Fv2%2Fcategories&post=32745"},{"taxonomy":"post_tag","embeddable":true,"href":"https:\/\/primiciasclorinda.com\/index.php?rest_route=%2Fwp%2Fv2%2Ftags&post=32745"}],"curies":[{"name":"wp","href":"https:\/\/api.w.org\/{rel}","templated":true}]}}