{"id":32724,"date":"2023-12-17T18:50:12","date_gmt":"2023-12-17T21:50:12","guid":{"rendered":"http:\/\/primiciasclorinda.com\/?p=32724"},"modified":"2023-12-17T18:50:12","modified_gmt":"2023-12-17T21:50:12","slug":"la-policia-detuvo-al-acusado-de-haber-danado-una-linea-de-red-de-energia-electrica-en-clorinda","status":"publish","type":"post","link":"https:\/\/primiciasclorinda.com\/?p=32724","title":{"rendered":"La Polic\u00eda detuvo al acusado de haber da\u00f1ado una linea de red de energ\u00eda el\u00e9ctrica en Clorinda"},"content":{"rendered":"<p style=\"text-align: justify;\">Tras un r\u00e1pido y eficaz accionar, efectivos del Departamento Informaciones Policiales Delegaci\u00f3n Clorinda, contando con la colaboraci\u00f3n del Personal de la Unidad Regional Tres, Comando Radioel\u00e9ctrico Policial, Subcomisaria Primero de Mayo y Comisaria Territorios Nacionales, lograron esclarecer el hecho que afect\u00f3 el suministro el\u00e9ctrico de una parte importante de la segunda ciudad y la detenci\u00f3n del sujeto responsable del hecho.<\/p>\n<p style=\"text-align: justify;\">Siendo que en horas de la siesta de ayer de forma intencional hab\u00edan arrojado una cadena de motocicleta sobre el tendido de la l\u00ednea de media tensi\u00f3n ubicados a la altura del barrio 120 Viviendas, lo que provoc\u00f3 una gran explosi\u00f3n y el da\u00f1o de los cables dejando sin suministro el\u00e9ctrico a varios vecinos de distintos barrios de la ciudad, principalmente a los ubicados en la zona. Ante tal circunstancias los efectivos policiales de la DDI, y dem\u00e1s dependencias subordinadas a la unidad regional, se abocaron a las tareas investigativas correspondientes logrando establecer la identidad del sujeto responsable, siendo un joven mayor de edad que de manera intencional hab\u00eda arrojado el objeto hacia los cables, por lo que procedieron a la aprensi\u00f3n del mismo y a su traslado hasta la Subcomisaria Primero de Mayo donde se labran las actuaciones judiciales por el delito de \u00abESTRAGO Y DA\u00d1O AGRAVADO\u00bb, con intervenci\u00f3n del Juzgado de Instrucci\u00f3n y Correccional N\u00b0 2 de Clorinda.<\/p>\n","protected":false},"excerpt":{"rendered":"<div class=\"mh-excerpt\"><p>Tras un r\u00e1pido y eficaz accionar, efectivos del Departamento Informaciones Policiales Delegaci\u00f3n Clorinda, contando con la colaboraci\u00f3n del Personal de la Unidad Regional Tres, Comando <a class=\"mh-excerpt-more\" href=\"https:\/\/primiciasclorinda.com\/?p=32724\" title=\"La Polic\u00eda detuvo al acusado de haber da\u00f1ado una linea de red de energ\u00eda el\u00e9ctrica en Clorinda\">[&#8230;]<\/a><\/p>\n<\/div>","protected":false},"author":3,"featured_media":32725,"comment_status":"open","ping_status":"open","sticky":false,"template":"","format":"standard","meta":{"footnotes":""},"categories":[4,10],"tags":[26,219],"class_list":["post-32724","post","type-post","status-publish","format-standard","has-post-thumbnail","hentry","category-informacion-general","category-policiales","tag-clorinda","tag-energia-electrica"],"_links":{"self":[{"href":"https:\/\/primiciasclorinda.com\/index.php?rest_route=\/wp\/v2\/posts\/32724","targetHints":{"allow":["GET"]}}],"collection":[{"href":"https:\/\/primiciasclorinda.com\/index.php?rest_route=\/wp\/v2\/posts"}],"about":[{"href":"https:\/\/primiciasclorinda.com\/index.php?rest_route=\/wp\/v2\/types\/post"}],"author":[{"embeddable":true,"href":"https:\/\/primiciasclorinda.com\/index.php?rest_route=\/wp\/v2\/users\/3"}],"replies":[{"embeddable":true,"href":"https:\/\/primiciasclorinda.com\/index.php?rest_route=%2Fwp%2Fv2%2Fcomments&post=32724"}],"version-history":[{"count":1,"href":"https:\/\/primiciasclorinda.com\/index.php?rest_route=\/wp\/v2\/posts\/32724\/revisions"}],"predecessor-version":[{"id":32726,"href":"https:\/\/primiciasclorinda.com\/index.php?rest_route=\/wp\/v2\/posts\/32724\/revisions\/32726"}],"wp:featuredmedia":[{"embeddable":true,"href":"https:\/\/primiciasclorinda.com\/index.php?rest_route=\/wp\/v2\/media\/32725"}],"wp:attachment":[{"href":"https:\/\/primiciasclorinda.com\/index.php?rest_route=%2Fwp%2Fv2%2Fmedia&parent=32724"}],"wp:term":[{"taxonomy":"category","embeddable":true,"href":"https:\/\/primiciasclorinda.com\/index.php?rest_route=%2Fwp%2Fv2%2Fcategories&post=32724"},{"taxonomy":"post_tag","embeddable":true,"href":"https:\/\/primiciasclorinda.com\/index.php?rest_route=%2Fwp%2Fv2%2Ftags&post=32724"}],"curies":[{"name":"wp","href":"https:\/\/api.w.org\/{rel}","templated":true}]}}