{"id":32686,"date":"2023-12-13T08:06:00","date_gmt":"2023-12-13T11:06:00","guid":{"rendered":"http:\/\/primiciasclorinda.com\/?p=32686"},"modified":"2023-12-13T08:06:00","modified_gmt":"2023-12-13T11:06:00","slug":"el-fmi-apoyo-los-anuncios-de-caputo-y-dijo-que-apuntan-a-mejorar-las-finanzas-publicas","status":"publish","type":"post","link":"https:\/\/primiciasclorinda.com\/?p=32686","title":{"rendered":"El FMI apoy\u00f3 los anuncios de Caputo y dijo que \u00abapuntan a mejorar las finanzas p\u00fablicas\u00bb"},"content":{"rendered":"<p style=\"text-align: justify;\">El FMI consider\u00f3 que las \u00abaudaces\u00bb medidas anunciadas permitir\u00e1n \u00abfortalecer el r\u00e9gimen cambiario\u00bb del pa\u00eds, \u00abestabilizar la econom\u00eda y sentar las bases para un crecimiento m\u00e1s sostenible\u00bb, seg\u00fan expresaron en un mensaje varios directivos del organismo.<\/p>\n<p style=\"text-align: justify;\">El Fondo Monetario Internacional (FMI) manifest\u00f3 en Washington su apoyo a las medidas anunciadas por el ministro de Econom\u00eda, Lu\u00eds Caputo, al se\u00f1alar que \u00abestas audaces acciones iniciales apuntan a mejorar significativamente las finanzas p\u00fablicas de una manera que proteja a los m\u00e1s vulnerables de la sociedad y fortalezca el r\u00e9gimen cambiario\u00bb.<\/p>\n<p style=\"text-align: justify;\">La directora gerente del FMI, Kristalina Georgieva, expres\u00f3 este respaldo a trav\u00e9s de su cuenta en la red social X, en un mensaje en el que acoje \u00abcon benepl\u00e1cito las medidas decisivas anunciadas hoy por el Presidente @JMilei y su equipo econ\u00f3mico para abordar los importantes desaf\u00edos econ\u00f3micos de Argentina\u00bb.<\/p>\n<p style=\"text-align: justify;\">Georgieva calific\u00f3 los anuncios como \u00abun paso importante hacia el restablecimiento de la estabilidad y la reconstrucci\u00f3n del potencial econ\u00f3mico del pa\u00eds\u00bb.<\/p>\n<p style=\"text-align: justify;\">\u00abLuego de serios reveses pol\u00edticos en los \u00faltimos meses, este nuevo paquete proporciona una buena base para futuras discusiones para volver a encarrilar el programa existente respaldado por el FMI\u00bb, agreg\u00f3 la directiva del organismo multilateral.<\/p>\n<p style=\"text-align: justify;\">En tanto, la subdirectora del FMI, Gita Gopinath, en la misma red social, record\u00f3 que tuvo hace dos semanas reuniones \u00abpositivas\u00bb con Nicol\u00e1s Posse y Luis Caputo, asesores econ\u00f3micos del presidente Javier Milei, cuando el l\u00edder libertario visit\u00f3 Washington.<\/p>\n<p style=\"text-align: justify;\">Gopinath sostuvo que \u00abdiscutimos los complejos desaf\u00edos que enfrenta Argentina y los planes para fortalecer urgentemente la estabilidad. Nuestros equipos seguir\u00e1n estrechamente comprometidos en el pr\u00f3ximo per\u00edodo\u00bb.<\/p>\n<p style=\"text-align: justify;\">En un comunicado emitido minutos despu\u00e9s del mensaje del titular del Palacio de Hacienda, la directora de Comunicaciones del organismo, Julie Kozack, tambi\u00e9n expres\u00f3 que \u00abel personal del FMI acoge con agrado las medidas anunciadas hoy por el nuevo Ministro de Econom\u00eda de Argentina, Luis Caputo\u00bb.<\/p>\n<p style=\"text-align: justify;\">Comunicado del FMI by T\u00e9lam Web on Scribd<\/p>\n<p style=\"text-align: justify;\">\u00abEstas acciones iniciales apuntan a mejorar significativamente las finanzas p\u00fablicas de una manera que proteja a los m\u00e1s vulnerables de la sociedad y fortalezca el r\u00e9gimen cambiario. Su implementaci\u00f3n decisiva ayudar\u00e1 a estabilizar la econom\u00eda y sentar\u00e1 las bases para un crecimiento m\u00e1s sostenible y liderado por el sector privado\u00bb, dijo la portavoz.<\/p>\n<p style=\"text-align: justify;\">Kozack puntualiz\u00f3 que \u00abel personal del FMI y las nuevas autoridades argentinas trabajar\u00e1n r\u00e1pidamente en el pr\u00f3ximo per\u00edodo\u00bb.<\/p>\n","protected":false},"excerpt":{"rendered":"<div class=\"mh-excerpt\"><p>El FMI consider\u00f3 que las \u00abaudaces\u00bb medidas anunciadas permitir\u00e1n \u00abfortalecer el r\u00e9gimen cambiario\u00bb del pa\u00eds, \u00abestabilizar la econom\u00eda y sentar las bases para un crecimiento <a class=\"mh-excerpt-more\" href=\"https:\/\/primiciasclorinda.com\/?p=32686\" title=\"El FMI apoy\u00f3 los anuncios de Caputo y dijo que \u00abapuntan a mejorar las finanzas p\u00fablicas\u00bb\">[&#8230;]<\/a><\/p>\n<\/div>","protected":false},"author":3,"featured_media":32687,"comment_status":"open","ping_status":"open","sticky":false,"template":"","format":"standard","meta":{"footnotes":""},"categories":[3],"tags":[4238,1245],"class_list":["post-32686","post","type-post","status-publish","format-standard","has-post-thumbnail","hentry","category-politica-economia","tag-caputo","tag-fmi"],"_links":{"self":[{"href":"https:\/\/primiciasclorinda.com\/index.php?rest_route=\/wp\/v2\/posts\/32686","targetHints":{"allow":["GET"]}}],"collection":[{"href":"https:\/\/primiciasclorinda.com\/index.php?rest_route=\/wp\/v2\/posts"}],"about":[{"href":"https:\/\/primiciasclorinda.com\/index.php?rest_route=\/wp\/v2\/types\/post"}],"author":[{"embeddable":true,"href":"https:\/\/primiciasclorinda.com\/index.php?rest_route=\/wp\/v2\/users\/3"}],"replies":[{"embeddable":true,"href":"https:\/\/primiciasclorinda.com\/index.php?rest_route=%2Fwp%2Fv2%2Fcomments&post=32686"}],"version-history":[{"count":1,"href":"https:\/\/primiciasclorinda.com\/index.php?rest_route=\/wp\/v2\/posts\/32686\/revisions"}],"predecessor-version":[{"id":32688,"href":"https:\/\/primiciasclorinda.com\/index.php?rest_route=\/wp\/v2\/posts\/32686\/revisions\/32688"}],"wp:featuredmedia":[{"embeddable":true,"href":"https:\/\/primiciasclorinda.com\/index.php?rest_route=\/wp\/v2\/media\/32687"}],"wp:attachment":[{"href":"https:\/\/primiciasclorinda.com\/index.php?rest_route=%2Fwp%2Fv2%2Fmedia&parent=32686"}],"wp:term":[{"taxonomy":"category","embeddable":true,"href":"https:\/\/primiciasclorinda.com\/index.php?rest_route=%2Fwp%2Fv2%2Fcategories&post=32686"},{"taxonomy":"post_tag","embeddable":true,"href":"https:\/\/primiciasclorinda.com\/index.php?rest_route=%2Fwp%2Fv2%2Ftags&post=32686"}],"curies":[{"name":"wp","href":"https:\/\/api.w.org\/{rel}","templated":true}]}}