{"id":32618,"date":"2023-12-05T21:13:07","date_gmt":"2023-12-06T00:13:07","guid":{"rendered":"http:\/\/primiciasclorinda.com\/?p=32618"},"modified":"2023-12-05T21:13:07","modified_gmt":"2023-12-06T00:13:07","slug":"juan-fernando-quintero-tengo-la-oportunidad-de-ganar-cosas-en-racing","status":"publish","type":"post","link":"https:\/\/primiciasclorinda.com\/?p=32618","title":{"rendered":"Juan Fernando Quintero: \u00abTengo la oportunidad de ganar cosas en Racing\u00bb"},"content":{"rendered":"<p style=\"text-align: justify;\">El delantero colombiano viene de ser figura en el \u00faltimo partido en el que La Academia empat\u00f3 2 a 2 ante Rosario Central en tiempo reglamentario (con un tanto suyo de penal) en los cuartos de final de la Copa de la Liga.<\/p>\n<p style=\"text-align: justify;\">Juan Fernando Quintero, delantero colombiano de Racing, se mostr\u00f3 confiado con su futuro profesional y asegur\u00f3 que tiene la \u00aboportunidad de ganar cosas\u00bb con la instituci\u00f3n de Avellaneda en la pr\u00f3xima temporada.<\/p>\n<p style=\"text-align: justify;\">\u00abMe ha marcado en gran parte de mi carrera. Tengo la oportunidad de ganar cosas. Racing me incentiv\u00f3, estoy muy contento ac\u00e1 despu\u00e9s de lo que pas\u00f3 con River\u00bb, dijo el futbolista \u00abcafetero\u00bb.<\/p>\n<p style=\"text-align: justify;\">Quintero viene de ser figura en el \u00faltimo partido en el que La Academia empat\u00f3 2 a 2 ante Rosario Central en tiempo reglamentario (con un tanto suyo de penal) y en el que posteriormente cay\u00f3 por 6 a 7 en los penales en el marco de los cuartos de final de la Copa de la Liga.<\/p>\n<p style=\"text-align: justify;\">El futbolista de 30 a\u00f1os, adem\u00e1s hizo menci\u00f3n a la relaci\u00f3n con sus compatriotas Roger Mart\u00ednez y Johan Carbonero, con quienes comparte el plantel profesional \u00abalbiceleste\u00bb.<\/p>\n<p style=\"text-align: justify;\">\u00abCon Roger Mart\u00ednez soy m\u00e1s contempor\u00e1neo. Con Johan y Roger estamos en la puerta de algo grande y podemos aportar al equipo. Estoy muy contento en Racing\u00bb, opin\u00f3 en di\u00e1logo con AS Colombia.<\/p>\n<p style=\"text-align: justify;\">El jugador campe\u00f3n de la Copa Libertadores de Am\u00e9rica 2018 con River Plate, por \u00faltimo, destac\u00f3 el cari\u00f1o recibido por parte de los hinchas de Racing.<\/p>\n<p style=\"text-align: justify;\">\u201cAgradecerles, quiero hacer las cosas bien y tener el reconocimiento de los hinchas es muy bonito. Estoy ac\u00e1 para darles alegr\u00edas y que nos llenen de aliento. Es muy gratificante\u201d, concluy\u00f3.<\/p>\n<p style=\"text-align: justify;\">Con respecto al entrenador del primer equipo, la dupla t\u00e9cnica conformada por Sebasti\u00e1n Grazzini y Ezequiel Videla, reemplazantes de Fernando Gago, no seguir\u00e1 al frente del plantel con miras a la pr\u00f3xima temporada.<\/p>\n<p style=\"text-align: justify;\">Los t\u00e9cnicos que suenan para hacerse cargo del equipo \u00abacad\u00e9mico\u00bb y con los que empezar\u00e1n a negociar en el transcurso de las pr\u00f3ximas semanas son Diego Mart\u00ednez, Gabriel Heinze y Eduardo Dom\u00ednguez<\/p>\n<p style=\"text-align: justify;\">El entrenador que sea elegido por el secretario deportivo Rub\u00e9n Capria y la dirigencia encabezada por el presidente V\u00edctor Blanco afrontar\u00e1 en el semestre venidero la Liga Profesional, la Copa Argentina y la Copa Sudamericana, el principal objetivo de la instituci\u00f3n de Avellaneda.<\/p>\n","protected":false},"excerpt":{"rendered":"<div class=\"mh-excerpt\"><p>El delantero colombiano viene de ser figura en el \u00faltimo partido en el que La Academia empat\u00f3 2 a 2 ante Rosario Central en tiempo <a class=\"mh-excerpt-more\" href=\"https:\/\/primiciasclorinda.com\/?p=32618\" title=\"Juan Fernando Quintero: \u00abTengo la oportunidad de ganar cosas en Racing\u00bb\">[&#8230;]<\/a><\/p>\n<\/div>","protected":false},"author":3,"featured_media":32619,"comment_status":"open","ping_status":"open","sticky":false,"template":"","format":"standard","meta":{"footnotes":""},"categories":[5],"tags":[4246,271],"class_list":["post-32618","post","type-post","status-publish","format-standard","has-post-thumbnail","hentry","category-deportes","tag-juanfer","tag-racing-club"],"_links":{"self":[{"href":"https:\/\/primiciasclorinda.com\/index.php?rest_route=\/wp\/v2\/posts\/32618","targetHints":{"allow":["GET"]}}],"collection":[{"href":"https:\/\/primiciasclorinda.com\/index.php?rest_route=\/wp\/v2\/posts"}],"about":[{"href":"https:\/\/primiciasclorinda.com\/index.php?rest_route=\/wp\/v2\/types\/post"}],"author":[{"embeddable":true,"href":"https:\/\/primiciasclorinda.com\/index.php?rest_route=\/wp\/v2\/users\/3"}],"replies":[{"embeddable":true,"href":"https:\/\/primiciasclorinda.com\/index.php?rest_route=%2Fwp%2Fv2%2Fcomments&post=32618"}],"version-history":[{"count":1,"href":"https:\/\/primiciasclorinda.com\/index.php?rest_route=\/wp\/v2\/posts\/32618\/revisions"}],"predecessor-version":[{"id":32620,"href":"https:\/\/primiciasclorinda.com\/index.php?rest_route=\/wp\/v2\/posts\/32618\/revisions\/32620"}],"wp:featuredmedia":[{"embeddable":true,"href":"https:\/\/primiciasclorinda.com\/index.php?rest_route=\/wp\/v2\/media\/32619"}],"wp:attachment":[{"href":"https:\/\/primiciasclorinda.com\/index.php?rest_route=%2Fwp%2Fv2%2Fmedia&parent=32618"}],"wp:term":[{"taxonomy":"category","embeddable":true,"href":"https:\/\/primiciasclorinda.com\/index.php?rest_route=%2Fwp%2Fv2%2Fcategories&post=32618"},{"taxonomy":"post_tag","embeddable":true,"href":"https:\/\/primiciasclorinda.com\/index.php?rest_route=%2Fwp%2Fv2%2Ftags&post=32618"}],"curies":[{"name":"wp","href":"https:\/\/api.w.org\/{rel}","templated":true}]}}