{"id":32568,"date":"2023-11-30T08:12:50","date_gmt":"2023-11-30T11:12:50","guid":{"rendered":"http:\/\/primiciasclorinda.com\/?p=32568"},"modified":"2023-11-30T08:12:50","modified_gmt":"2023-11-30T11:12:50","slug":"formosa-evoca-el-dia-mundial-de-la-lucha-contra-el-vih-sida","status":"publish","type":"post","link":"https:\/\/primiciasclorinda.com\/?p=32568","title":{"rendered":"Formosa evoca el D\u00eda Mundial de la Lucha contra el VIH-SIDA"},"content":{"rendered":"<p style=\"text-align: justify;\">El doctor Juli\u00e1n Bibolini, m\u00e9dico infect\u00f3logo responsable del Servicio de Infectolog\u00eda y Control de Infecciones del Hospital de Alta Complejidad (HAC) y jefe del Programa Provincial de ITS-VIH\/SIDA y Hepatitis Virales del Ministerio de Desarrollo Humano, se refiri\u00f3 al D\u00eda Mundial de la Lucha contra el VIH-SIDA, que se conmemora el 1\u00b0 de diciembre.<\/p>\n<p style=\"text-align: justify;\">En declaraciones recogidas por AGENFOR, indic\u00f3 que las actividades para conmemorar la fecha iniciaron este martes 28 en el Hospital Odontol\u00f3gico de Complejidad Integrada con el evento \u201cEn la ruta para terminar la epidemia del VIH\u201d, que convoc\u00f3 a los equipos de salud de la Capital y del interior de la provincia, tanto de los efectores p\u00fablicos como privados.<\/p>\n<p style=\"text-align: justify;\">\u201cDespu\u00e9s van a haber otras actividades en los centros de salud, para lo cual se reparti\u00f3 m\u00e1s folleter\u00eda y preservativos \u2013indic\u00f3-. Tenemos tambi\u00e9n para hacer tests r\u00e1pidos en algunos de ellos y otros lugares, y adem\u00e1s en la Universidad Provincial de Laguna Blanca (UPLaB) vamos a hacer un evento con los alumnos, para que los futuros licenciados en Enfermer\u00eda aprendan c\u00f3mo armar campa\u00f1as de prevenci\u00f3n, as\u00ed que realmente hay un abanico interesante\u201d de acciones a realizar.<\/p>\n<p style=\"text-align: justify;\">Remarc\u00f3 que \u201cla gente tiene que saber que el HIV-SIDA es una pandemia que nunca m\u00e1s se fue, una vez que ingres\u00f3 qued\u00f3 entre nosotros\u201d, advirtiendo que \u201chay un grupo importante de personas que no sabe que tiene la infecci\u00f3n y la sigue transmitiendo\u201d.<\/p>\n<p style=\"text-align: justify;\">Y enfatiz\u00f3 que \u201ctenemos que minimizar al m\u00e1ximo a ese pool\u201d, ya que de esa manera \u201cseguramente cada vez m\u00e1s van a haber menos casos y en alg\u00fan momento va a desaparecer\u201d.<\/p>\n<p style=\"text-align: justify;\">\u201cSi hay menos personas que desconocen su diagn\u00f3stico, m\u00e1s podr\u00e1n ser tratadas. Las personas tratadas no transmiten la infecci\u00f3n, porque es tan efectivo el tratamiento que baja significativamente\u201d, apunt\u00f3.<\/p>\n<p style=\"text-align: justify;\">En ese sentido, recomend\u00f3 a la poblaci\u00f3n a que \u201cse acerque (al centro de salud u hospital) y se haga el estudio para VIH\u201d, cerr\u00f3.<\/p>\n","protected":false},"excerpt":{"rendered":"<div class=\"mh-excerpt\"><p>El doctor Juli\u00e1n Bibolini, m\u00e9dico infect\u00f3logo responsable del Servicio de Infectolog\u00eda y Control de Infecciones del Hospital de Alta Complejidad (HAC) y jefe del Programa <a class=\"mh-excerpt-more\" href=\"https:\/\/primiciasclorinda.com\/?p=32568\" title=\"Formosa evoca el D\u00eda Mundial de la Lucha contra el VIH-SIDA\">[&#8230;]<\/a><\/p>\n<\/div>","protected":false},"author":3,"featured_media":32570,"comment_status":"open","ping_status":"open","sticky":false,"template":"","format":"standard","meta":{"footnotes":""},"categories":[3],"tags":[],"class_list":["post-32568","post","type-post","status-publish","format-standard","has-post-thumbnail","hentry","category-politica-economia"],"_links":{"self":[{"href":"https:\/\/primiciasclorinda.com\/index.php?rest_route=\/wp\/v2\/posts\/32568","targetHints":{"allow":["GET"]}}],"collection":[{"href":"https:\/\/primiciasclorinda.com\/index.php?rest_route=\/wp\/v2\/posts"}],"about":[{"href":"https:\/\/primiciasclorinda.com\/index.php?rest_route=\/wp\/v2\/types\/post"}],"author":[{"embeddable":true,"href":"https:\/\/primiciasclorinda.com\/index.php?rest_route=\/wp\/v2\/users\/3"}],"replies":[{"embeddable":true,"href":"https:\/\/primiciasclorinda.com\/index.php?rest_route=%2Fwp%2Fv2%2Fcomments&post=32568"}],"version-history":[{"count":1,"href":"https:\/\/primiciasclorinda.com\/index.php?rest_route=\/wp\/v2\/posts\/32568\/revisions"}],"predecessor-version":[{"id":32571,"href":"https:\/\/primiciasclorinda.com\/index.php?rest_route=\/wp\/v2\/posts\/32568\/revisions\/32571"}],"wp:featuredmedia":[{"embeddable":true,"href":"https:\/\/primiciasclorinda.com\/index.php?rest_route=\/wp\/v2\/media\/32570"}],"wp:attachment":[{"href":"https:\/\/primiciasclorinda.com\/index.php?rest_route=%2Fwp%2Fv2%2Fmedia&parent=32568"}],"wp:term":[{"taxonomy":"category","embeddable":true,"href":"https:\/\/primiciasclorinda.com\/index.php?rest_route=%2Fwp%2Fv2%2Fcategories&post=32568"},{"taxonomy":"post_tag","embeddable":true,"href":"https:\/\/primiciasclorinda.com\/index.php?rest_route=%2Fwp%2Fv2%2Ftags&post=32568"}],"curies":[{"name":"wp","href":"https:\/\/api.w.org\/{rel}","templated":true}]}}