{"id":32494,"date":"2023-11-21T16:31:53","date_gmt":"2023-11-21T19:31:53","guid":{"rendered":"http:\/\/primiciasclorinda.com\/?p=32494"},"modified":"2023-11-21T16:31:53","modified_gmt":"2023-11-21T19:31:53","slug":"el-gobernador-encabezo-reunion-con-intendentes-de-toda-la-provincia","status":"publish","type":"post","link":"https:\/\/primiciasclorinda.com\/?p=32494","title":{"rendered":"El Gobernador encabez\u00f3 reuni\u00f3n con intendentes de toda la provincia"},"content":{"rendered":"<p style=\"text-align: justify;\">El gobernador de Formosa, Gildo Insfr\u00e1n, encabez\u00f3 este martes 21 una reuni\u00f3n en Casa de Gobierno, de la que participaron la totalidad de intendentes y presidentes de Comisiones de Fomento, actuales y electos, de la provincia.<\/p>\n<p style=\"text-align: justify;\">Durante la charla, se analizaron los resultados de las \u00faltimas elecciones y el primer mandatario provincial agradeci\u00f3 por los resultados obtenidos que \u201cson fruto de un equipo consolidado\u201d, seg\u00fan se\u00f1al\u00f3.<\/p>\n<p style=\"text-align: justify;\">La oportunidad fue propicia adem\u00e1s para realizar un monitoreo del avance de las obras y las pol\u00edticas p\u00fablicas desplegadas en cada localidad, as\u00ed como los desaf\u00edos que se plantean a la gesti\u00f3n, para \u201ccontinuar transformando la realidad de los formose\u00f1os y formose\u00f1as\u201d.<\/p>\n<p style=\"text-align: justify;\">Acompa\u00f1aron al primer mandatario provincial el jefe de Gabinete de Ministros, Antonio Ferreira; los ministros de Gobierno, Jorge Gonz\u00e1lez; de Econom\u00eda, Jorge Ib\u00e1\u00f1ez; y de Planificaci\u00f3n, Daniel Malich, entre otros.<\/p>\n","protected":false},"excerpt":{"rendered":"<div class=\"mh-excerpt\"><p>El gobernador de Formosa, Gildo Insfr\u00e1n, encabez\u00f3 este martes 21 una reuni\u00f3n en Casa de Gobierno, de la que participaron la totalidad de intendentes y <a class=\"mh-excerpt-more\" href=\"https:\/\/primiciasclorinda.com\/?p=32494\" title=\"El Gobernador encabez\u00f3 reuni\u00f3n con intendentes de toda la provincia\">[&#8230;]<\/a><\/p>\n<\/div>","protected":false},"author":3,"featured_media":32495,"comment_status":"open","ping_status":"open","sticky":false,"template":"","format":"standard","meta":{"footnotes":""},"categories":[3],"tags":[],"class_list":["post-32494","post","type-post","status-publish","format-standard","has-post-thumbnail","hentry","category-politica-economia"],"_links":{"self":[{"href":"https:\/\/primiciasclorinda.com\/index.php?rest_route=\/wp\/v2\/posts\/32494","targetHints":{"allow":["GET"]}}],"collection":[{"href":"https:\/\/primiciasclorinda.com\/index.php?rest_route=\/wp\/v2\/posts"}],"about":[{"href":"https:\/\/primiciasclorinda.com\/index.php?rest_route=\/wp\/v2\/types\/post"}],"author":[{"embeddable":true,"href":"https:\/\/primiciasclorinda.com\/index.php?rest_route=\/wp\/v2\/users\/3"}],"replies":[{"embeddable":true,"href":"https:\/\/primiciasclorinda.com\/index.php?rest_route=%2Fwp%2Fv2%2Fcomments&post=32494"}],"version-history":[{"count":1,"href":"https:\/\/primiciasclorinda.com\/index.php?rest_route=\/wp\/v2\/posts\/32494\/revisions"}],"predecessor-version":[{"id":32496,"href":"https:\/\/primiciasclorinda.com\/index.php?rest_route=\/wp\/v2\/posts\/32494\/revisions\/32496"}],"wp:featuredmedia":[{"embeddable":true,"href":"https:\/\/primiciasclorinda.com\/index.php?rest_route=\/wp\/v2\/media\/32495"}],"wp:attachment":[{"href":"https:\/\/primiciasclorinda.com\/index.php?rest_route=%2Fwp%2Fv2%2Fmedia&parent=32494"}],"wp:term":[{"taxonomy":"category","embeddable":true,"href":"https:\/\/primiciasclorinda.com\/index.php?rest_route=%2Fwp%2Fv2%2Fcategories&post=32494"},{"taxonomy":"post_tag","embeddable":true,"href":"https:\/\/primiciasclorinda.com\/index.php?rest_route=%2Fwp%2Fv2%2Ftags&post=32494"}],"curies":[{"name":"wp","href":"https:\/\/api.w.org\/{rel}","templated":true}]}}