{"id":32460,"date":"2023-11-19T13:53:01","date_gmt":"2023-11-19T16:53:01","guid":{"rendered":"http:\/\/primiciasclorinda.com\/?p=32460"},"modified":"2023-11-19T13:53:01","modified_gmt":"2023-11-19T16:53:01","slug":"voto-javier-milei-y-destaco-el-operativo-de-fiscalizacion-hicimos-un-enorme-trabajo-pese-a-la-campana-del-miedo-que-nos-han-hecho","status":"publish","type":"post","link":"https:\/\/primiciasclorinda.com\/?p=32460","title":{"rendered":"Vot\u00f3 Javier Milei y destac\u00f3 el operativo de fiscalizaci\u00f3n: \u201cHicimos un enorme trabajo pese a la campa\u00f1a del miedo que nos han hecho\u201d"},"content":{"rendered":"<p style=\"text-align: justify;\">El candidato a presidente de La Libertad Avanza emiti\u00f3 su voto en la UTN del barrio porte\u00f1o de Almagro, en medio de un fuerte operativo de seguridad en el que participaron efectivos de la Polic\u00eda de la Ciudad.<\/p>\n<p>En medio de una multitud euf\u00f3rica, Javier Milei, candidato a la presidencia por La Libertad Avanza (LLA), se dirigi\u00f3 hacia las urnas para ejercer su derecho al voto despu\u00e9s del mediod\u00eda, en la sede de la Universidad Tecnol\u00f3gica Nacional en la calle Medrano, ubicada en el barrio porte\u00f1o de Almagro. \u201cEstamos muy tranquilos, hemos hecho todo el esfuerzo que pod\u00edamos hacer. Ahora que hablen las urnas\u201d, expres\u00f3.<\/p>\n<p style=\"text-align: justify;\">El l\u00edder del movimiento libertario lleg\u00f3 al centro de votaci\u00f3n despu\u00e9s de las 12:30, acompa\u00f1ado de su hermana Karina y rodeado por un importante despliegue de seguridad. A su llegada, militantes y seguidores que se hab\u00edan congregado en las proximidades rodearon el veh\u00edculo negro en el que se desplazaba.<\/p>\n<p style=\"text-align: justify;\">En di\u00e1logo con la prensa, Milei asegur\u00f3 que el mecanismo de fiscalizaci\u00f3n planificado por su espacio \u201cest\u00e1 funcionando bien\u201d y agreg\u00f3: \u201cEsperemos que ma\u00f1ana haya m\u00e1s esperanza y no tanta continuidad de decadencia, esperemos que los n\u00fameros sean tan claros para que hoy a la noche tengamos un presidente electo\u201d.<\/p>\n<p style=\"text-align: justify;\">Por la noche, el candidato liberal esperar\u00e1 los resultados del balotaje en el Hotel Libertador, ubicado en el microcentro de la Ciudad de Buenos Aires. \u201cEstamos muy satisfechos, hicimos un enorme trabajo pese a la campa\u00f1a del miedo y a toda la campa\u00f1a sucia que nos han hecho\u201d, dijo tras emitir un sufragio en la mesa 2228 de la UTN.<\/p>\n<p style=\"text-align: justify;\">En tanto, al ser consultado sobre los rumores que vincularon a Horacio Rodr\u00edguez Larreta como el posible ministro de Econom\u00eda de su contrincante, Milei expres\u00f3: \u201cEso no es un problema m\u00edo. No tiene relaci\u00f3n con mi fuerza\u201d.<\/p>\n<p style=\"text-align: justify;\">El jueves pasado, el candidato libertario encabez\u00f3 su \u00faltimo acto masivo antes de enfrentarse a Sergio Massa en el balotaje para decidir qui\u00e9n ser\u00e1 el pr\u00f3ximo presidente de la Naci\u00f3n. El evento tuvo lugar en el centro de la capital de la provincia de C\u00f3rdoba, y cont\u00f3 con la presencia de Patricia Bullrich, su ex adversaria de Juntos por el Cambio.<\/p>\n<p style=\"text-align: justify;\">En el cierre de su campa\u00f1a, el economista habl\u00f3 desde el escenario, acompa\u00f1ado por su compa\u00f1era de f\u00f3rmula, Victoria Villarruel, la ex candidata a gobernadora, Carolina P\u00edparo, el ex candidato a jefe de gobierno porte\u00f1o, Ramiro Marra, entre otros dirigentes de peso en su espacio. \u201cLos votos est\u00e1n, viva la libertad carajo\u201d, expres\u00f3.<\/p>\n<p style=\"text-align: justify;\">En las elecciones generales 2023 del 22 de octubre, el diputado nacional de LLA obtuvo el 29.9% de los votos, en contraste con el ministro de Econom\u00eda y candidato de Uni\u00f3n por la Patria (UxP), quien logr\u00f3 el 36.6% y se posicion\u00f3 en el primer lugar.<\/p>\n<p style=\"text-align: justify;\">Fuente: Infobae.com<\/p>\n","protected":false},"excerpt":{"rendered":"<div class=\"mh-excerpt\"><p>El candidato a presidente de La Libertad Avanza emiti\u00f3 su voto en la UTN del barrio porte\u00f1o de Almagro, en medio de un fuerte operativo <a class=\"mh-excerpt-more\" href=\"https:\/\/primiciasclorinda.com\/?p=32460\" title=\"Vot\u00f3 Javier Milei y destac\u00f3 el operativo de fiscalizaci\u00f3n: \u201cHicimos un enorme trabajo pese a la campa\u00f1a del miedo que nos han hecho\u201d\">[&#8230;]<\/a><\/p>\n<\/div>","protected":false},"author":3,"featured_media":32461,"comment_status":"open","ping_status":"open","sticky":false,"template":"","format":"standard","meta":{"footnotes":""},"categories":[3],"tags":[4046,4142],"class_list":["post-32460","post","type-post","status-publish","format-standard","has-post-thumbnail","hentry","category-politica-economia","tag-elecciones-2023","tag-milei"],"_links":{"self":[{"href":"https:\/\/primiciasclorinda.com\/index.php?rest_route=\/wp\/v2\/posts\/32460","targetHints":{"allow":["GET"]}}],"collection":[{"href":"https:\/\/primiciasclorinda.com\/index.php?rest_route=\/wp\/v2\/posts"}],"about":[{"href":"https:\/\/primiciasclorinda.com\/index.php?rest_route=\/wp\/v2\/types\/post"}],"author":[{"embeddable":true,"href":"https:\/\/primiciasclorinda.com\/index.php?rest_route=\/wp\/v2\/users\/3"}],"replies":[{"embeddable":true,"href":"https:\/\/primiciasclorinda.com\/index.php?rest_route=%2Fwp%2Fv2%2Fcomments&post=32460"}],"version-history":[{"count":1,"href":"https:\/\/primiciasclorinda.com\/index.php?rest_route=\/wp\/v2\/posts\/32460\/revisions"}],"predecessor-version":[{"id":32462,"href":"https:\/\/primiciasclorinda.com\/index.php?rest_route=\/wp\/v2\/posts\/32460\/revisions\/32462"}],"wp:featuredmedia":[{"embeddable":true,"href":"https:\/\/primiciasclorinda.com\/index.php?rest_route=\/wp\/v2\/media\/32461"}],"wp:attachment":[{"href":"https:\/\/primiciasclorinda.com\/index.php?rest_route=%2Fwp%2Fv2%2Fmedia&parent=32460"}],"wp:term":[{"taxonomy":"category","embeddable":true,"href":"https:\/\/primiciasclorinda.com\/index.php?rest_route=%2Fwp%2Fv2%2Fcategories&post=32460"},{"taxonomy":"post_tag","embeddable":true,"href":"https:\/\/primiciasclorinda.com\/index.php?rest_route=%2Fwp%2Fv2%2Ftags&post=32460"}],"curies":[{"name":"wp","href":"https:\/\/api.w.org\/{rel}","templated":true}]}}