{"id":32454,"date":"2023-11-19T13:41:52","date_gmt":"2023-11-19T16:41:52","guid":{"rendered":"http:\/\/primiciasclorinda.com\/?p=32454"},"modified":"2023-11-19T13:41:52","modified_gmt":"2023-11-19T16:41:52","slug":"hasta-el-mediodia-habia-votado-el-30-del-padron-electoral-nacional","status":"publish","type":"post","link":"https:\/\/primiciasclorinda.com\/?p=32454","title":{"rendered":"Hasta el mediod\u00eda, hab\u00eda votado el 30% del padr\u00f3n electoral nacional"},"content":{"rendered":"<p style=\"text-align: justify;\">A la misma hora, el 22 de octubre, durante las elecciones generales, hab\u00eda votado el 29,6% de los electores habilitados.<\/p>\n<p style=\"text-align: justify;\">El 30 por ciento del padr\u00f3n ya hab\u00eda emitido su voto en el balotaje para definir qui\u00e9n ser\u00e1 el pr\u00f3ximo presidente de los argentinos, en unos comicios en los que 35 millones de personas se encuentran habilitadas para elegir entre el candidato de Uni\u00f3n por la Patria (UxP), Sergio Massa, y el postulante de La Libertad Avanza (LLA), Javier Milei, seg\u00fan inform\u00f3 la C\u00e1mara Nacional Electoral (CNE).<\/p>\n<p style=\"text-align: justify;\">A la misma hora, el 22 de octubre, durante las elecciones generales, hab\u00eda votado el 29,6% de los electores habilitados.<\/p>\n<p style=\"text-align: justify;\">Hasta las 12, ya hab\u00edan emitido su voto el presidente Alberto Fern\u00e1ndez, el gobernador de la provincia de Buenos Aires, Axel Kicillof, y varios mandatarios provinciales, as\u00ed como el jefe de Gabinete y candidato a vicepresidente de Uni\u00f3n por la Patria (UxP), Agust\u00edn Rossi, quien sufrag\u00f3 en una escuela de la zona noroeste de la ciudad santafesina de Rosario.<\/p>\n<p style=\"text-align: justify;\">Esta segunda vuelta electoral pondr\u00e1 fin al proceso con el que los ciudadanos decidir\u00e1n qui\u00e9nes reemplazar\u00e1n en el Gobierno a Alberto Fern\u00e1ndez y a Cristina Fern\u00e1ndez de Kirchner para el per\u00edodo 2023-2027, es decir la renovaci\u00f3n de los cargos del Poder Ejecutivo: presidente y vicepresidente.<\/p>\n<p style=\"text-align: justify;\">El camino hacia esta definici\u00f3n se inici\u00f3 en agosto \u00faltimo, con las primarias abiertas, simult\u00e1neas y obligatorias (PASO), y continu\u00f3 el 22 de octubre, con las elecciones generales.<\/p>\n<p style=\"text-align: justify;\">Con esas dos votaciones, el electorado fue perfilando el orden de sus preferencias pol\u00edtico-partidarias hasta este \u00faltimo tramo, en el que s\u00f3lo hay dos boletas en el cuarto oscuro: la de UxP, con la f\u00f3rmula presidencial Massa-Agust\u00edn Rossi, y la de LLA, con el binomio Milei-Victoria Villarruel.<\/p>\n<p style=\"text-align: justify;\">El tamiz electoral iniciado tres meses atr\u00e1s dej\u00f3 fuera de carrera a 19 f\u00f3rmulas presidenciales que no superaron el piso del 1,5% de votos necesario para participar de las generales.<\/p>\n<p style=\"text-align: justify;\">Los resultados de las PASO de agosto mostraron una paridad de tres tercios, m\u00e1s all\u00e1 de que LLA logr\u00f3 la mayor cantidad de votos, seguido por Juntos por el Cambio (JxC) y, en un tercer lugar, UxP.<\/p>\n<p style=\"text-align: justify;\">Algo m\u00e1s de dos meses despu\u00e9s, en las generales de octubre, el oficialista UxP revirti\u00f3 esos n\u00fameros y Massa se posicion\u00f3 como el candidato presidencial m\u00e1s elegido con casi 37 puntos. Milei sali\u00f3 segundo, con algo menos del 30%, y la postulante presidencial de JxC, Patricia Bullrich, apenas borde\u00f3 el 24% y qued\u00f3 fuera del balotaje.<\/p>\n<p style=\"text-align: justify;\">Esos n\u00fameros confirmaron la realizaci\u00f3n del balotaje porque ninguno de los aspirantes m\u00e1s votados logr\u00f3 el puntaje legal necesario para consagrarse presidente en primera vuelta.<\/p>\n<p style=\"text-align: justify;\">Pero adem\u00e1s los resultados astillaron los acuerdos partidarios puertas adentro de JxC, con el apoyo unilateral de un sector del PRO -alineado con Bullrich y con el expresidente Mauricio Macri- al postulante partidario y el enojo del resto de los miembros de la coalici\u00f3n: la UCR y la Coalici\u00f3n C\u00edvica (CC).<\/p>\n<p style=\"text-align: justify;\">Los comicios de octubre mostraron tambi\u00e9n no s\u00f3lo un viraje en las preferencias, sino un mayor caudal de votantes: hubo un 8% m\u00e1s de personas que acudi\u00f3 a las urnas en octubre (77,04%), en comparaci\u00f3n con el 69% que lo hizo en las PASO de agosto.<\/p>\n<p style=\"text-align: justify;\">Este domingo el electorado de los 24 distritos del pa\u00eds deber\u00e1 optar s\u00f3lo entre dos boletas: la de Massa o la de Milei, y quien obtenga la mayor cantidad de votos afirmativos ser\u00e1 el nuevo presidente de la Argentina.<\/p>\n<p style=\"text-align: justify;\">Pero esa decisi\u00f3n, adem\u00e1s, dejar\u00e1 en evidencia c\u00f3mo se redireccionaron los apoyos luego de que en octubre quedaran fuera de competencia los otros tres postulantes presidenciales: Bullrich, de JxC; Myriam Bregman, del Frente de Izquierda y de Trabajadores-Unidad (FIT-U), y Juan Schiaretti, de Hacemos por Nuestro Pa\u00eds (HpNP).<\/p>\n<p style=\"text-align: justify;\">Este domingo el electorado de los 24 distritos del pas deber optar slo entre dos boletas la de Massa o la de Milei<br \/>\nEste domingo el electorado de los 24 distritos del pa\u00eds deber\u00e1 optar s\u00f3lo entre dos boletas: la de Massa o la de Milei.<\/p>\n<p style=\"text-align: justify;\">El desaf\u00edo y los esfuerzos estuvieron puestos, tanto para UxP como para LLA, en captar el favoritismo en las urnas y convencer a los votantes que en octubre eligieron otras fuerzas.<\/p>\n<p style=\"text-align: justify;\">El balotaje de este domingo clausurar\u00e1 un largo proceso electoral que se inici\u00f3 en febrero pasado con las primarias en La Pampa y continu\u00f3 en todos los distritos del pa\u00eds -en la mayor\u00eda de ellos en forma desdoblada-, donde se renovaron autoridades ejecutivas y parlamentarias locales, adem\u00e1s de los cargos nacionales.<\/p>\n<p style=\"text-align: justify;\">Este domingo ser\u00e1 la segunda vez en la historia del pa\u00eds en que un mandatario resulte electo en segunda vuelta: s\u00f3lo ocurri\u00f3 en el 2015, cuando Mauricio Macri termin\u00f3 imponi\u00e9ndose sobre Daniel Scioli.<\/p>\n<p style=\"text-align: justify;\">Los votos que emitan las y los ciudadanos en el balotaje pueden calificarse como v\u00e1lidos y nulos, dos categor\u00edas que contemplan, entre otras, las opciones \u00abafirmativos\u00bb, \u00aben blanco\u00bb, \u00abrecurridos\u00bb y \u00abde identidad impugnada\u00bb, explic\u00f3 la C\u00e1mara Nacional Electoral (CNE).<\/p>\n<p style=\"text-align: justify;\">Este domingo ser\u00e1 la segunda vez en la historia del pa\u00eds en que un mandatario resulte electo en segunda vuelta: s\u00f3lo ocurri\u00f3 en el 2015, cuando Mauricio Macri termin\u00f3 imponi\u00e9ndose sobre Daniel Scioli.<\/p>\n<p style=\"text-align: justify;\">El C\u00f3digo Nacional Electoral establece que los tipos de votos v\u00e1lidos son los \u00abafirmativos\u00bb, que se emiten con boleta oficializada de una misma agrupaci\u00f3n para todas las categor\u00edas o cuando para cada una de ellas se eligen boletas de fuerzas pol\u00edticas diferentes.<\/p>\n<p style=\"text-align: justify;\">Adem\u00e1s, la CNE aclar\u00f3 que son v\u00e1lidas para votar en el balotaje de este domingo las boletas oficializadas para la primera vuelta que se realiz\u00f3 el 22 de octubre, en la categor\u00eda de candidatos a presidente y vicepresidente.<\/p>\n<p style=\"text-align: justify;\">En tanto, los ciudadanos habilitados para votar deber\u00e1n presentarse con el ejemplar del documento de identidad que figura en el padr\u00f3n o bien uno m\u00e1s nuevo.<\/p>\n<p style=\"text-align: justify;\">Los documentos habilitados son Libreta de Enrolamiento\/libreta c\u00edvica; DNI Libreta verde; DNI libreta celeste; Tarjeta del DNI libreta celeste y el DNI tarjeta.<\/p>\n","protected":false},"excerpt":{"rendered":"<div class=\"mh-excerpt\"><p>A la misma hora, el 22 de octubre, durante las elecciones generales, hab\u00eda votado el 29,6% de los electores habilitados. El 30 por ciento del <a class=\"mh-excerpt-more\" href=\"https:\/\/primiciasclorinda.com\/?p=32454\" title=\"Hasta el mediod\u00eda, hab\u00eda votado el 30% del padr\u00f3n electoral nacional\">[&#8230;]<\/a><\/p>\n<\/div>","protected":false},"author":3,"featured_media":32455,"comment_status":"open","ping_status":"open","sticky":false,"template":"","format":"standard","meta":{"footnotes":""},"categories":[3],"tags":[4046],"class_list":["post-32454","post","type-post","status-publish","format-standard","has-post-thumbnail","hentry","category-politica-economia","tag-elecciones-2023"],"_links":{"self":[{"href":"https:\/\/primiciasclorinda.com\/index.php?rest_route=\/wp\/v2\/posts\/32454","targetHints":{"allow":["GET"]}}],"collection":[{"href":"https:\/\/primiciasclorinda.com\/index.php?rest_route=\/wp\/v2\/posts"}],"about":[{"href":"https:\/\/primiciasclorinda.com\/index.php?rest_route=\/wp\/v2\/types\/post"}],"author":[{"embeddable":true,"href":"https:\/\/primiciasclorinda.com\/index.php?rest_route=\/wp\/v2\/users\/3"}],"replies":[{"embeddable":true,"href":"https:\/\/primiciasclorinda.com\/index.php?rest_route=%2Fwp%2Fv2%2Fcomments&post=32454"}],"version-history":[{"count":1,"href":"https:\/\/primiciasclorinda.com\/index.php?rest_route=\/wp\/v2\/posts\/32454\/revisions"}],"predecessor-version":[{"id":32456,"href":"https:\/\/primiciasclorinda.com\/index.php?rest_route=\/wp\/v2\/posts\/32454\/revisions\/32456"}],"wp:featuredmedia":[{"embeddable":true,"href":"https:\/\/primiciasclorinda.com\/index.php?rest_route=\/wp\/v2\/media\/32455"}],"wp:attachment":[{"href":"https:\/\/primiciasclorinda.com\/index.php?rest_route=%2Fwp%2Fv2%2Fmedia&parent=32454"}],"wp:term":[{"taxonomy":"category","embeddable":true,"href":"https:\/\/primiciasclorinda.com\/index.php?rest_route=%2Fwp%2Fv2%2Fcategories&post=32454"},{"taxonomy":"post_tag","embeddable":true,"href":"https:\/\/primiciasclorinda.com\/index.php?rest_route=%2Fwp%2Fv2%2Ftags&post=32454"}],"curies":[{"name":"wp","href":"https:\/\/api.w.org\/{rel}","templated":true}]}}