{"id":32276,"date":"2023-10-22T14:07:22","date_gmt":"2023-10-22T17:07:22","guid":{"rendered":"http:\/\/primiciasclorinda.com\/?p=32276"},"modified":"2023-10-22T14:07:22","modified_gmt":"2023-10-22T17:07:22","slug":"sergio-massa-vamos-a-votar-pensando-en-el-futuro-de-la-argentina-y-con-esperanza","status":"publish","type":"post","link":"https:\/\/primiciasclorinda.com\/?p=32276","title":{"rendered":"Sergio Massa: \u00abVamos a votar pensando en el futuro de la Argentina y con esperanza\u00bb"},"content":{"rendered":"<p style=\"text-align: justify;\">\u00abLa Argentina vive un dia muy importante\u00bb, dijo el candidato de Uni\u00f3n por la Patria y anunci\u00f3 que esta jornada representa \u00abla definici\u00f3n del futuro de los argentinos\u00bb.<\/p>\n<p style=\"text-align: justify;\">El ministro de Econom\u00eda y candidato presidencial de Uni\u00f3n por la Patria (UxP), Sergio Massa, afirm\u00f3 que \u00abes un d\u00eda que nos obliga a trabajar pensando en la consolidaci\u00f3n de 40 a\u00f1os de democracia\u00bb, luego de emitir su voto en la Escuela N\u00b0 34 \u00abAnt\u00e1rtida Argentina\u00bb de la localidad bonaerense de Tigre.<\/p>\n<p style=\"text-align: justify;\">El aspirante de UxP a la Casa Rosada lleg\u00f3 a la escuela acompa\u00f1ado por su esposa Malena Galmarini y su hijo Tom\u00e1s \u00abToto\u00bb Massa, quienes estuvieron junto a \u00e9l hasta el momento de la votaci\u00f3n.<\/p>\n<p style=\"text-align: justify;\">Luego de cumplir con su deber c\u00edvico, Massa se dirigi\u00f3 a una cancha de f\u00fatbol ubicada en el predio de la escuela, donde estaba preparado un escenario para brindar una conferencia de prensa.<\/p>\n<p style=\"text-align: justify;\">En este marco, Massa agradeci\u00f3 a las Fuerzas de Seguridad y las Fuerzas Armadas \u00abque est\u00e1n colaborando en todo el operativo electoral\u00bb y a los fiscales de todas las fuerzas pol\u00edticas de todo el pa\u00eds, ya que \u00abno se han registrado m\u00e1s que alguna demora en el inicio de todo el proceso de votaci\u00f3n en dos provincias\u00bb y \u00abvemos el tr\u00e1mite con absoluta normalidad\u00bb.<\/p>\n<p style=\"text-align: justify;\">\u00abLa Argentina vive un d\u00eda muy importante, para los argentinos hay 4 o 5 minutos que, en la entrada al cuarto oscuro, representan la definici\u00f3n del futuro de los pr\u00f3ximos cuatro a\u00f1os de la Argentina\u00bb, remarc\u00f3 Massa<\/p>\n<p style=\"text-align: justify;\">De esta manera, el ministro destac\u00f3 que \u00abhoy es un d\u00eda que nos obliga a trabajar pensando en la consolidaci\u00f3n de 40 a\u00f1os de democracia, nos obliga a concurrir a votar pensando en el futuro de la Argentina con esperanza\u00bb.<\/p>\n<p style=\"text-align: justify;\">Asimismo, sostuvo que \u00abtenemos la enorme tarea desde el 10 de diciembre, gobierne quien gobierne, de resolver un sinn\u00famero de problemas de la Argentina\u00bb y destac\u00f3 que \u00abes el desaf\u00edo que las distintas fuerzas pol\u00edticas, a la hora de presentar su propuesta, debemos recorrer\u00bb.<\/p>\n<p style=\"text-align: justify;\">Massa ponder\u00f3 la participaci\u00f3n electoral que, para el mediod\u00eda, alcanzaba el 30% y asegur\u00f3 que \u00abeso demuestra la vocaci\u00f3n democr\u00e1tica del pueblo argentino\u00bb.<\/p>\n<p style=\"text-align: justify;\">\u00abNos pone, adem\u00e1s, frente al desaf\u00edo de que cuando termine esta jornada todos los argentinos salgamos unidos, abrazados y con la esperanza de recorrer en lo que viene la soluci\u00f3n de nuestros problemas\u00bb, afirm\u00f3 el candidato presidencial.<\/p>\n<p style=\"text-align: justify;\">\u00abA lo largo del d\u00eda se va a ir consolidando esa participaci\u00f3n y eso es muy bueno porque de alguna manera, despu\u00e9s de 40 a\u00f1os de democracia, nos permite a los argentinos y a las argentinas seguir consolidando un sistema\u00bb, agreg\u00f3.<\/p>\n<p style=\"text-align: justify;\">A su vez, Massa confirm\u00f3 que a partir de las 18 estar\u00e1 presente en el b\u00fanker de Uni\u00f3n por la Patria ubicado en el barrio porte\u00f1o de Chacarita.<\/p>\n","protected":false},"excerpt":{"rendered":"<div class=\"mh-excerpt\"><p>\u00abLa Argentina vive un dia muy importante\u00bb, dijo el candidato de Uni\u00f3n por la Patria y anunci\u00f3 que esta jornada representa \u00abla definici\u00f3n del futuro <a class=\"mh-excerpt-more\" href=\"https:\/\/primiciasclorinda.com\/?p=32276\" title=\"Sergio Massa: \u00abVamos a votar pensando en el futuro de la Argentina y con esperanza\u00bb\">[&#8230;]<\/a><\/p>\n<\/div>","protected":false},"author":3,"featured_media":32277,"comment_status":"open","ping_status":"open","sticky":false,"template":"","format":"standard","meta":{"footnotes":""},"categories":[3],"tags":[4046,2231],"class_list":["post-32276","post","type-post","status-publish","format-standard","has-post-thumbnail","hentry","category-politica-economia","tag-elecciones-2023","tag-sergio-massa"],"_links":{"self":[{"href":"https:\/\/primiciasclorinda.com\/index.php?rest_route=\/wp\/v2\/posts\/32276","targetHints":{"allow":["GET"]}}],"collection":[{"href":"https:\/\/primiciasclorinda.com\/index.php?rest_route=\/wp\/v2\/posts"}],"about":[{"href":"https:\/\/primiciasclorinda.com\/index.php?rest_route=\/wp\/v2\/types\/post"}],"author":[{"embeddable":true,"href":"https:\/\/primiciasclorinda.com\/index.php?rest_route=\/wp\/v2\/users\/3"}],"replies":[{"embeddable":true,"href":"https:\/\/primiciasclorinda.com\/index.php?rest_route=%2Fwp%2Fv2%2Fcomments&post=32276"}],"version-history":[{"count":1,"href":"https:\/\/primiciasclorinda.com\/index.php?rest_route=\/wp\/v2\/posts\/32276\/revisions"}],"predecessor-version":[{"id":32278,"href":"https:\/\/primiciasclorinda.com\/index.php?rest_route=\/wp\/v2\/posts\/32276\/revisions\/32278"}],"wp:featuredmedia":[{"embeddable":true,"href":"https:\/\/primiciasclorinda.com\/index.php?rest_route=\/wp\/v2\/media\/32277"}],"wp:attachment":[{"href":"https:\/\/primiciasclorinda.com\/index.php?rest_route=%2Fwp%2Fv2%2Fmedia&parent=32276"}],"wp:term":[{"taxonomy":"category","embeddable":true,"href":"https:\/\/primiciasclorinda.com\/index.php?rest_route=%2Fwp%2Fv2%2Fcategories&post=32276"},{"taxonomy":"post_tag","embeddable":true,"href":"https:\/\/primiciasclorinda.com\/index.php?rest_route=%2Fwp%2Fv2%2Ftags&post=32276"}],"curies":[{"name":"wp","href":"https:\/\/api.w.org\/{rel}","templated":true}]}}