{"id":31998,"date":"2023-09-13T17:17:17","date_gmt":"2023-09-13T20:17:17","guid":{"rendered":"http:\/\/primiciasclorinda.com\/?p=31998"},"modified":"2023-09-13T17:33:57","modified_gmt":"2023-09-13T20:33:57","slug":"la-inflacion-de-agosto-fue-del-124-y-alcanzo-el-1244-en-el-ultimo-ano","status":"publish","type":"post","link":"https:\/\/primiciasclorinda.com\/?p=31998","title":{"rendered":"La inflaci\u00f3n de agosto fue del 12,4% y alcanz\u00f3 el 124,4% en el \u00faltimo a\u00f1o"},"content":{"rendered":"<p style=\"text-align: justify;\">El Indec inform\u00f3 que el IPC de los primeros ocho meses del a\u00f1o la suba de precios fue de 80,2%; cu\u00e1les fueron los rubros con mayores subas.<\/p>\n<p style=\"text-align: justify;\">La inflaci\u00f3n de agosto alcanz\u00f3 el 12,4% y registr\u00f3 de esta manera el ritmo mensual m\u00e1s elevado en m\u00e1s de 32 a\u00f1os. Seg\u00fan inform\u00f3 este mi\u00e9rcoles el Indec, la suba de precios anual fue de124,4% en los \u00faltimos doce meses y solo en los primeros ocho meses del 2023 el IPC acumul\u00f3 un alza de 80,2 por ciento.<\/p>\n<p style=\"text-align: justify;\">El Indec inform\u00f3 que el mes pasado \u201cla divisi\u00f3n de mayor aumento en el mes fue Alimentos y bebidas no alcoh\u00f3licas (15,6%), producto de la suba en Carnes y derivados y Verduras, tub\u00e9rculos y legumbres. Le siguieron Salud (15,3%) \u2013principalmente por los aumentos en medicamentos\u2013 y Equipamiento y mantenimiento del hogar (14,1%)\u201d.<\/p>\n<p style=\"text-align: justify;\">En el IPC, el dato anual m\u00e1s alto es el de restaurantes con el 142,2%, seguido por alimentos y bebidas con el 133,5%, salud 127,8%, equipamiento y mantenimiento del hogar y recreaci\u00f3n 125%, bebidas alcoh\u00f3licas y tabaco 123,6%, y vestimenta 108,9%.<\/p>\n<p style=\"text-align: justify;\">Se trata del primer dato inflacionario luego del impacto de la devaluaci\u00f3n del tipo de cambio oficial, el d\u00eda despu\u00e9s de las PASO y que aceler\u00f3 el ritmo de inercia al que se mueven los precios de la econom\u00eda. Ese primer efecto, seg\u00fan estimaciones privadas, tambi\u00e9n dejar\u00eda a septiembre en el terreno de los dos d\u00edgitos mensuales.<\/p>\n<p style=\"text-align: justify;\">El Gobierno apur\u00f3 medidas de compensaci\u00f3n de ingresos para evitar que el fogonazo inflacionario del mes pasado y el corriente tengan un impacto pronunciado sobre el poder de compra de los salarios en las semanas previas a las elecciones y que eso provoque, por una suba marcada del precio de la canasta b\u00e1sica, un aumento de la incidencia de la pobreza en todo el pa\u00eds.<\/p>\n<p style=\"text-align: justify;\">Asimismo, el Ministerio de Econom\u00eda se involucr\u00f3 en negociaciones con empresas de consumo masivo y de otros rubros para buscar senderos de precios acordados para algunos bienes claves de la canasta b\u00e1sica. Seg\u00fan informaci\u00f3n de la Secretar\u00eda de Comercio, a\u00fan cuando esas negociaciones se iniciaron hace casi un mes, d\u00edas despu\u00e9s del salto del tipo de cambio oficial, de las 425 empresas con las que se iniciaron conversaciones, a\u00fan quedan fuera de la firma de esos convenios unas 145.<\/p>\n<p style=\"text-align: justify;\">La inflaci\u00f3n, hasta antes de la devaluaci\u00f3n, hab\u00eda encarado una tendencia -muy inicial y a\u00fan en niveles muy altos- en los \u00faltimos dos \u00edndices. El IPC hab\u00eda sido de 6,3% en julio, lo que representaba una suba de 0,3 puntos respecto a junio, cuando se ubic\u00f3 en 6 por ciento. El pico tuvo lugar en abril, con 7,4% tras una aceleraci\u00f3n de precios que sigui\u00f3 a la crisis cambiaria de la segunda quincena de ese mes.<\/p>\n<p style=\"text-align: justify;\">Con el \u00faltimo dato de julio, durante los primeros siete meses del a\u00f1o la inflaci\u00f3n minorista fue de 60,2% y de 113,4% en los \u00faltimos 12 meses. Algunos primeros datos oficiales provinciales dieron cuenta de que en agosto volvi\u00f3 a acelerar la inflaci\u00f3n, y que se movi\u00f3 a un ritmo que no registraba hace m\u00e1s de 20 a\u00f1os en la econom\u00eda argentina. De hecho, es la cifra mensual m\u00e1s alta desde febrero de 1991, antes del lanzamiento del plan de convertibilidad.<\/p>\n<p style=\"text-align: justify;\">El dato del 124,4% anual, implica que en agosto el 12,4% es equivalente a un 308,3% anualizado (si se repitiera durante 12 meses), y la n\u00facleo del 13,8% equivalente a 371,7 por ciento.<\/p>\n<p style=\"text-align: justify;\">La Direcci\u00f3n de Estad\u00edsticas de la Ciudad de Buenos Aires dio cuenta la semana pasada que la inflaci\u00f3n en el distrito porte\u00f1o fue durante agosto de 10,8%, por encima del 7,3% registrado en julio. As\u00ed, el \u00edndice de precios porte\u00f1o acumul\u00f3 una suba del 79,8% en los primeros ocho meses del a\u00f1o y una variaci\u00f3n interanual del 127,3 por ciento.<\/p>\n<p style=\"text-align: justify;\">En su lectura sobre la econom\u00eda de Argentina, desde Latin Focus destacaron que la inflaci\u00f3n se disparar\u00e1 este a\u00f1o en relaci\u00f3n a 2022, impulsada por un colapso del peso debido al financiamiento monetario del d\u00e9ficit fiscal.<\/p>\n<p style=\"text-align: justify;\">\u201cUna depreciaci\u00f3n del peso m\u00e1s r\u00e1pida de lo esperado y una generosidad fiscal antes de las elecciones de octubre son los principales riesgos al alza. Los panelistas de FocusEconomics ven los precios al consumidor subiendo 124,5% en promedio en 2023, lo que es un aumento de 8,4 puntos porcentuales con respecto a hace un mes, y subiendo 152% en promedio en 2024\u2033, indicaron.<\/p>\n<p style=\"text-align: justify;\">Fuente: Infobae.com<\/p>\n","protected":false},"excerpt":{"rendered":"<div class=\"mh-excerpt\"><p>El Indec inform\u00f3 que el IPC de los primeros ocho meses del a\u00f1o la suba de precios fue de 80,2%; cu\u00e1les fueron los rubros con <a class=\"mh-excerpt-more\" href=\"https:\/\/primiciasclorinda.com\/?p=31998\" title=\"La inflaci\u00f3n de agosto fue del 12,4% y alcanz\u00f3 el 124,4% en el \u00faltimo a\u00f1o\">[&#8230;]<\/a><\/p>\n<\/div>","protected":false},"author":3,"featured_media":30575,"comment_status":"open","ping_status":"open","sticky":false,"template":"","format":"standard","meta":{"footnotes":""},"categories":[3],"tags":[],"class_list":["post-31998","post","type-post","status-publish","format-standard","has-post-thumbnail","hentry","category-politica-economia"],"_links":{"self":[{"href":"https:\/\/primiciasclorinda.com\/index.php?rest_route=\/wp\/v2\/posts\/31998","targetHints":{"allow":["GET"]}}],"collection":[{"href":"https:\/\/primiciasclorinda.com\/index.php?rest_route=\/wp\/v2\/posts"}],"about":[{"href":"https:\/\/primiciasclorinda.com\/index.php?rest_route=\/wp\/v2\/types\/post"}],"author":[{"embeddable":true,"href":"https:\/\/primiciasclorinda.com\/index.php?rest_route=\/wp\/v2\/users\/3"}],"replies":[{"embeddable":true,"href":"https:\/\/primiciasclorinda.com\/index.php?rest_route=%2Fwp%2Fv2%2Fcomments&post=31998"}],"version-history":[{"count":2,"href":"https:\/\/primiciasclorinda.com\/index.php?rest_route=\/wp\/v2\/posts\/31998\/revisions"}],"predecessor-version":[{"id":32000,"href":"https:\/\/primiciasclorinda.com\/index.php?rest_route=\/wp\/v2\/posts\/31998\/revisions\/32000"}],"wp:featuredmedia":[{"embeddable":true,"href":"https:\/\/primiciasclorinda.com\/index.php?rest_route=\/wp\/v2\/media\/30575"}],"wp:attachment":[{"href":"https:\/\/primiciasclorinda.com\/index.php?rest_route=%2Fwp%2Fv2%2Fmedia&parent=31998"}],"wp:term":[{"taxonomy":"category","embeddable":true,"href":"https:\/\/primiciasclorinda.com\/index.php?rest_route=%2Fwp%2Fv2%2Fcategories&post=31998"},{"taxonomy":"post_tag","embeddable":true,"href":"https:\/\/primiciasclorinda.com\/index.php?rest_route=%2Fwp%2Fv2%2Ftags&post=31998"}],"curies":[{"name":"wp","href":"https:\/\/api.w.org\/{rel}","templated":true}]}}