{"id":31968,"date":"2023-09-11T15:52:19","date_gmt":"2023-09-11T18:52:19","guid":{"rendered":"http:\/\/primiciasclorinda.com\/?p=31968"},"modified":"2023-09-11T15:52:19","modified_gmt":"2023-09-11T18:52:19","slug":"ganancias-economia-confirmo-que-el-nuevo-minimo-para-pagar-el-impuesto-sera-de-mas-de-1-500-000-desde-octubre","status":"publish","type":"post","link":"https:\/\/primiciasclorinda.com\/?p=31968","title":{"rendered":"Ganancias: Econom\u00eda confirm\u00f3 que el nuevo m\u00ednimo para pagar el impuesto ser\u00e1 de m\u00e1s de $1.500.000 desde octubre"},"content":{"rendered":"<p style=\"text-align: justify;\">El ministro de Econom\u00eda recibir\u00e1 esta tarde un grupo de dirigentes gremiales, ante una movilizaci\u00f3n de militantes sindicales fuera del Palacio de Hacienda.<\/p>\n<p>El ministerio de Econom\u00eda confirm\u00f3 que el nuevo m\u00ednimo para pagar el Impuesto a las Ganancias ser\u00e1 de m\u00e1s de $1.500.000 desde octubre. De esa forma quedar\u00e1n excluidos de pagar en tributo la mayor\u00eda de los empleados en relaci\u00f3n de dependencia.<\/p>\n<p style=\"text-align: justify;\">\u201cDejar\u00e1n de pagar polic\u00edas, m\u00e9dicos, maestros, jubilados, y otras categor\u00edas. Quedar\u00e1n excluidos los funcionarios p\u00fablicos y las jubilaciones de privilegio\u201d, destacaron esta tarde desde el Palacio de Hacienda.<\/p>\n<p style=\"text-align: justify;\">Tambi\u00e9n se confirm\u00f3 que en las pr\u00f3ximas horas se mandar\u00e1 un proyecto de ley al Congreso para que el m\u00ednimo no imponible quede fijo y con actualizaci\u00f3n semestral, que se har\u00eda en base a la evoluci\u00f3n del salario m\u00ednimo vital y m\u00f3vil.<\/p>\n<p style=\"text-align: justify;\">Este mediod\u00eda se supo que tambi\u00e9n lo tendr\u00e1n que abonar los cargos pol\u00edticos de la administraci\u00f3n p\u00fablica<br \/>\nEl ministro de Econom\u00eda Sergio Massa recibir\u00e1 esta tarde a dirigentes gremiales en una reuni\u00f3n en la que analizar\u00e1n los cambios en el impuesto a las Ganancias que el candidato a presidente anticip\u00f3 y que reducir\u00e1 la cantidad de trabajadores en relaci\u00f3n de dependencia que quedar\u00e1n alcanzados por ese tributo.<\/p>\n<p style=\"text-align: justify;\">Desde el mediod\u00eda el propio edificio del Palacio de Hacienda y las inmediaciones, en Plaza de Mayo y calles aleda\u00f1as comenz\u00f3 a verse presencia de militancia sindical, principalmente de UPCN, Camioneros, Sutep (peajes) y la Uni\u00f3n Obrera Metal\u00fargica, que concentraron sobre la calle Yrigoyen, a metros del Ministerio de Econom\u00eda y de la Casa Rosada.<\/p>\n<p style=\"text-align: justify;\">El objetivo de la iniciativa oficial es que ning\u00fan trabajador que pague el Impuesto a las Ganancias, salvo los CEOs, directores de empresas y otros cargos en la cima de las corporaciones. As\u00ed, se busca que nuevo m\u00ednimo no imponible para el tributo sea 1 mill\u00f3n de pesos (brutos) lo generar\u00e1 una mejora en el sueldo de bolsillo de hasta casi 28 por ciento para los beneficiarios de los cambios. Hasta ese momento, el Gobierno buscar\u00e1 implementar un esquema \u201cpuente\u201d para que en la pr\u00e1ctica esa modificaci\u00f3n ya tenga lugar desde octubre.<\/p>\n<p style=\"text-align: justify;\">Seg\u00fan fuentes oficiales, a la convocatoria fueron citados la ministra de Trabajo, Kelly Olmos, y los secretarios generales de la CGT, H\u00e9ctor Daer, Pablo Moyano y Carlos Acu\u00f1a. Tambi\u00e9n estar\u00e1n los dirigentes Sergio Palazzo (La Bancaria), Hugo Yasky (CTA), Guillermo Moser (Luz y Fuerza), y referentes de los sindicatos petroleros, de la Alimentaci\u00f3n y Aeronavegantes.<\/p>\n<p style=\"text-align: justify;\">Los puntos claves del cambio en Ganancias<br \/>\nExenci\u00f3n para Ingresos menores a 1,5 millones de pesos desde octubre.<\/p>\n<p style=\"text-align: justify;\">El proyecto impulsado por Massa busca eximir del Impuesto a las Ganancias a quienes tengan ingresos brutos mensuales menores a 1,5 mill\u00f3n de pesos. La iniciativa se presentar\u00e1 formalmente a las autoridades de la Confederaci\u00f3n General del Trabajo (CGT) y de la CTA de los Trabajadores, quienes ya han expresado su apoyo preliminar. Exclusi\u00f3n de Ciertos Cargos Directivos.<\/p>\n<p style=\"text-align: justify;\">La propuesta no es universal; excluye a ciertos cargos de alta responsabilidad en empresas. Directores de sociedades an\u00f3nimas, CEOs, gerentes y subgerentes no se beneficiar\u00e1n de esta exenci\u00f3n. Tambi\u00e9n se excluyen las pensiones de privilegio. Esta exclusi\u00f3n busca mantener la equidad en la distribuci\u00f3n de la carga tributaria.<br \/>\nImplementaci\u00f3n y Fechas Clave<\/p>\n<p style=\"text-align: justify;\">Se planea una implementaci\u00f3n en dos fases. Aunque la ley podr\u00eda entrar en vigor a partir del 1 de enero de 2024, se implementar\u00e1 un esquema \u201cpuente\u201d con beneficios similares a partir de octubre de 2023. Este mecanismo transitorio permitir\u00e1 a los contribuyentes gozar de los beneficios mientras se completa el proceso legislativo.<br \/>\nImpacto en el Salario Neto<\/p>\n<p style=\"text-align: justify;\">El salario neto de los trabajadores experimentar\u00eda un aumento significativo. Por ejemplo, un salario bruto de 800,000 pesos pasar\u00eda a un neto de 667,998 pesos, un incremento del 21%. Estos cambios se traducir\u00edan en mejoras sustanciales en el ingreso de bolsillo, que var\u00edan entre el 21,4% y el 27,6%, dependiendo del nivel salarial.<br \/>\nConsideraciones Fiscales<\/p>\n<p style=\"text-align: justify;\">El proyecto est\u00e1 en etapas finales de definici\u00f3n, y una de las inc\u00f3gnitas es si se incluir\u00e1 alg\u00fan tipo de compensaci\u00f3n fiscal o la creaci\u00f3n de un nuevo impuesto para mantener los niveles de recaudaci\u00f3n del Estado. Este aspecto es crucial para entender el impacto fiscal de la reforma.<br \/>\nContexto y Antecedentes<\/p>\n<p style=\"text-align: justify;\">La reforma se produce en un contexto donde ya se han realizado ajustes al Impuesto a las Ganancias. Actualmente, est\u00e1n exentos del impuesto los salarios de hasta poco m\u00e1s de 700,000 pesos. Con los incrementos salariales previstos para diciembre de 2023, la proyecci\u00f3n es de 890,000 pesos con retenciones del impuesto. Este cambio representa una modificaci\u00f3n sustancial en la estructura tributaria y podr\u00eda afectar al 7% de los trabajadores en relaci\u00f3n de dependencia.<\/p>\n<p style=\"text-align: justify;\">Fuente: Infobae.com<\/p>\n","protected":false},"excerpt":{"rendered":"<div class=\"mh-excerpt\"><p>El ministro de Econom\u00eda recibir\u00e1 esta tarde un grupo de dirigentes gremiales, ante una movilizaci\u00f3n de militantes sindicales fuera del Palacio de Hacienda. El ministerio <a class=\"mh-excerpt-more\" href=\"https:\/\/primiciasclorinda.com\/?p=31968\" title=\"Ganancias: Econom\u00eda confirm\u00f3 que el nuevo m\u00ednimo para pagar el impuesto ser\u00e1 de m\u00e1s de $1.500.000 desde octubre\">[&#8230;]<\/a><\/p>\n<\/div>","protected":false},"author":3,"featured_media":31969,"comment_status":"open","ping_status":"open","sticky":false,"template":"","format":"standard","meta":{"footnotes":""},"categories":[3],"tags":[750],"class_list":["post-31968","post","type-post","status-publish","format-standard","has-post-thumbnail","hentry","category-politica-economia","tag-ganancias"],"_links":{"self":[{"href":"https:\/\/primiciasclorinda.com\/index.php?rest_route=\/wp\/v2\/posts\/31968","targetHints":{"allow":["GET"]}}],"collection":[{"href":"https:\/\/primiciasclorinda.com\/index.php?rest_route=\/wp\/v2\/posts"}],"about":[{"href":"https:\/\/primiciasclorinda.com\/index.php?rest_route=\/wp\/v2\/types\/post"}],"author":[{"embeddable":true,"href":"https:\/\/primiciasclorinda.com\/index.php?rest_route=\/wp\/v2\/users\/3"}],"replies":[{"embeddable":true,"href":"https:\/\/primiciasclorinda.com\/index.php?rest_route=%2Fwp%2Fv2%2Fcomments&post=31968"}],"version-history":[{"count":1,"href":"https:\/\/primiciasclorinda.com\/index.php?rest_route=\/wp\/v2\/posts\/31968\/revisions"}],"predecessor-version":[{"id":31970,"href":"https:\/\/primiciasclorinda.com\/index.php?rest_route=\/wp\/v2\/posts\/31968\/revisions\/31970"}],"wp:featuredmedia":[{"embeddable":true,"href":"https:\/\/primiciasclorinda.com\/index.php?rest_route=\/wp\/v2\/media\/31969"}],"wp:attachment":[{"href":"https:\/\/primiciasclorinda.com\/index.php?rest_route=%2Fwp%2Fv2%2Fmedia&parent=31968"}],"wp:term":[{"taxonomy":"category","embeddable":true,"href":"https:\/\/primiciasclorinda.com\/index.php?rest_route=%2Fwp%2Fv2%2Fcategories&post=31968"},{"taxonomy":"post_tag","embeddable":true,"href":"https:\/\/primiciasclorinda.com\/index.php?rest_route=%2Fwp%2Fv2%2Ftags&post=31968"}],"curies":[{"name":"wp","href":"https:\/\/api.w.org\/{rel}","templated":true}]}}