{"id":31891,"date":"2023-09-05T19:13:52","date_gmt":"2023-09-05T22:13:52","guid":{"rendered":"http:\/\/primiciasclorinda.com\/?p=31891"},"modified":"2023-09-05T19:13:52","modified_gmt":"2023-09-05T22:13:52","slug":"rodriguez-los-casos-de-covid-continuan-en-ascenso-pero-no-se-duplicaron-como-en-semanas-anteriores","status":"publish","type":"post","link":"https:\/\/primiciasclorinda.com\/?p=31891","title":{"rendered":"Rodr\u00edguez: Los casos de COVID contin\u00faan en ascenso, \u201cpero no se duplicaron como en semanas anteriores\u201d"},"content":{"rendered":"<p style=\"text-align: justify;\">La directora de Epidemiolog\u00eda, Claudia Rodr\u00edguez, se refiri\u00f3 a los casos positivos de COVID-19 en la provincia.<\/p>\n<p style=\"text-align: justify;\">En di\u00e1logo con AGENFOR, acentu\u00f3 que \u201cnuevamente tuvimos un aumento de casos, quinientos noventa en total, m\u00e1s que la semana anterior en la cual se registraron cuatrocientos cuarenta\u201d.<\/p>\n<p style=\"text-align: justify;\">\u201cSeguimos con un ascenso, pero por lo menos no llegamos a duplicar la cantidad, lo que es un dato muy importante\u201d, agreg\u00f3 y a modo de comparaci\u00f3n record\u00f3 que \u201canteriormente ven\u00edan cuadruplicando y triplicando la cantidad de diagn\u00f3sticos\u201d.<\/p>\n<p style=\"text-align: justify;\">Tambi\u00e9n, indic\u00f3 que \u201cahora se realizaron m\u00e1s hisopados que la semana anterior y que a\u00fan as\u00ed mantuvimos el \u00edndice de positividad\u201d.<\/p>\n<p style=\"text-align: justify;\">\u201cEstos indicadores nos permiten seguir estudiando la evoluci\u00f3n de la ola\u201d y se\u00f1al\u00f3 que \u201cahora hay que detectar si es la tendencia o fue nada m\u00e1s una situaci\u00f3n puntual de la semana\u201d.<\/p>\n<p style=\"text-align: justify;\">Tambi\u00e9n, coment\u00f3 a esta Agencia que hay \u201ccasi ochocientos diagn\u00f3sticos activos\u201d y que se est\u00e1 logrando uno de los objetivos principales que \u201ces aumentar la cobertura de vacunaci\u00f3n, ya que muchos se est\u00e1n acercando a inocular\u201d.<\/p>\n<p style=\"text-align: justify;\">Respecto de los aquellos que obtengan resultado positivo, repas\u00f3 que \u201cdeben permanecer en su domicilio durante cinco d\u00edas y luego cinco m\u00e1s extremando los cuidados, es decir, uso de barbijo, distanciamiento, ventilaci\u00f3n de ambientes A los diez d\u00edas reci\u00e9n pueden volver a su vida normal\u201d.<\/p>\n<p style=\"text-align: justify;\">\u201cEn el caso de los contactos estrechos no hacen aislamiento, pueden continuar con su rutina cotidiana siempre y cuando no tengan s\u00edntomas\u201d asever\u00f3 y a\u00f1adi\u00f3: \u201cSi aparece alguno deben hisoparse y quedarse en el casa hasta tener el resultado\u201d.<\/p>\n<p style=\"text-align: justify;\">Agreg\u00f3 adem\u00e1s que \u201c\u00faltimamente los s\u00edntomas m\u00e1s comunes son fiebre, mucha congesti\u00f3n nasal y primeramente una tos seca y luego con un poco de catarro\u201d.<\/p>\n<p style=\"text-align: justify;\">\u201cTambi\u00e9n, puede estar acompa\u00f1ado de un decaimiento, dolor de cabeza, de cuerpo y hasta algunos trastornos gastrointestinales\u201d.<\/p>\n<p style=\"text-align: justify;\">En referencia a la comunicaci\u00f3n que hay con el pa\u00eds vecino Parguay, Rodr\u00edguez afirm\u00f3 que \u201ces muy buena\u201d, pero aclar\u00f3 que ellos \u201cen este momento est\u00e1n con una suba en casos de dengue y chikungunya, m\u00e1s que de coronavirus\u201d.<\/p>\n<p style=\"text-align: justify;\">Asimismo, confes\u00f3 que \u201cno s\u00e9 si hay alguna otra provincia que hace la cantidad de hisopados que hacemos nosotros, porque estamos teniendo un promedio semanal de 1300, es decir, una cifra importante\u201d.<\/p>\n<p style=\"text-align: justify;\">Y explic\u00f3 que esto se debe a que el Ministerio de Salud de la Naci\u00f3n pidi\u00f3 que se realice el estudio para detectar a tiempo los casos.<\/p>\n<p style=\"text-align: justify;\">\u201cEl aumento de casos se ve en toda la Argentina, en algunas m\u00e1s que otras. Por eso, vuelvo a remarcar que hemos aumentado la cantidad de hisopados y el n\u00famero de positivos se mantuvo\u201d, destac\u00f3.<\/p>\n","protected":false},"excerpt":{"rendered":"<div class=\"mh-excerpt\"><p>La directora de Epidemiolog\u00eda, Claudia Rodr\u00edguez, se refiri\u00f3 a los casos positivos de COVID-19 en la provincia. En di\u00e1logo con AGENFOR, acentu\u00f3 que \u201cnuevamente tuvimos <a class=\"mh-excerpt-more\" href=\"https:\/\/primiciasclorinda.com\/?p=31891\" title=\"Rodr\u00edguez: Los casos de COVID contin\u00faan en ascenso, \u201cpero no se duplicaron como en semanas anteriores\u201d\">[&#8230;]<\/a><\/p>\n<\/div>","protected":false},"author":3,"featured_media":31892,"comment_status":"open","ping_status":"open","sticky":false,"template":"","format":"standard","meta":{"footnotes":""},"categories":[4,3],"tags":[3023,23],"class_list":["post-31891","post","type-post","status-publish","format-standard","has-post-thumbnail","hentry","category-informacion-general","category-politica-economia","tag-covid19","tag-formosa"],"_links":{"self":[{"href":"https:\/\/primiciasclorinda.com\/index.php?rest_route=\/wp\/v2\/posts\/31891","targetHints":{"allow":["GET"]}}],"collection":[{"href":"https:\/\/primiciasclorinda.com\/index.php?rest_route=\/wp\/v2\/posts"}],"about":[{"href":"https:\/\/primiciasclorinda.com\/index.php?rest_route=\/wp\/v2\/types\/post"}],"author":[{"embeddable":true,"href":"https:\/\/primiciasclorinda.com\/index.php?rest_route=\/wp\/v2\/users\/3"}],"replies":[{"embeddable":true,"href":"https:\/\/primiciasclorinda.com\/index.php?rest_route=%2Fwp%2Fv2%2Fcomments&post=31891"}],"version-history":[{"count":1,"href":"https:\/\/primiciasclorinda.com\/index.php?rest_route=\/wp\/v2\/posts\/31891\/revisions"}],"predecessor-version":[{"id":31893,"href":"https:\/\/primiciasclorinda.com\/index.php?rest_route=\/wp\/v2\/posts\/31891\/revisions\/31893"}],"wp:featuredmedia":[{"embeddable":true,"href":"https:\/\/primiciasclorinda.com\/index.php?rest_route=\/wp\/v2\/media\/31892"}],"wp:attachment":[{"href":"https:\/\/primiciasclorinda.com\/index.php?rest_route=%2Fwp%2Fv2%2Fmedia&parent=31891"}],"wp:term":[{"taxonomy":"category","embeddable":true,"href":"https:\/\/primiciasclorinda.com\/index.php?rest_route=%2Fwp%2Fv2%2Fcategories&post=31891"},{"taxonomy":"post_tag","embeddable":true,"href":"https:\/\/primiciasclorinda.com\/index.php?rest_route=%2Fwp%2Fv2%2Ftags&post=31891"}],"curies":[{"name":"wp","href":"https:\/\/api.w.org\/{rel}","templated":true}]}}